{"id":5308,"date":"2025-03-10T16:54:48","date_gmt":"2025-03-10T16:54:48","guid":{"rendered":"https:\/\/provinciadigital.com.ar\/?p=5308"},"modified":"2025-03-10T16:54:50","modified_gmt":"2025-03-10T16:54:50","slug":"san-isidro-la-policia-federal-desactivo-un-bunker-de-drogas-en-la-cava","status":"publish","type":"post","link":"https:\/\/provinciadigital.com.ar\/?p=5308","title":{"rendered":"San Isidro: La Polic\u00eda Federal desactiv\u00f3 un b\u00fanker de drogas en La Cava"},"content":{"rendered":"\n<p>Durante un operativo supervisado por el Ministerio de Seguridad Nacional, la Polic\u00eda Federal Argentina desarticul\u00f3 un punto de distribuci\u00f3n de drogas en el barrio La Cava, partido de San Isidro. La investigaci\u00f3n, que hab\u00eda comenzado en noviembre de 2024, permiti\u00f3 identificar el lugar como un centro de acopio y venta de estupefacientes.<\/p>\n\n\n\n<p>El procedimiento estuvo a cargo de la Unidad Fiscal Especializada en Drogas Il\u00edcitas de San Isidro, liderada por la Dra. Carolina Asprella. Con el apoyo de la Divisi\u00f3n Operaciones \u00c1rea Metropolitana Norte, se logr\u00f3 reunir pruebas suficientes para solicitar una orden de allanamiento al Juzgado de Garant\u00edas N\u00b0 1, bajo la autoridad del Dr. Ricardo Jos\u00e9 Costa.<\/p>\n\n\n\n<p><strong>Resultados del operativo<\/strong><\/p>\n\n\n\n<p>El allanamiento se realiz\u00f3 en una vivienda ubicada sobre la Avenida Neyer. Como resultado, se incaut\u00f3:<\/p>\n\n\n\n<ul class=\"wp-block-list\">\n<li>1 kg de clorhidrato de coca\u00edna de alta pureza, en piedra y en polvo.<\/li>\n\n\n\n<li>2 pistolas calibre 40 con m\u00e1s de 50 cartuchos.<\/li>\n\n\n\n<li>4 balanzas de precisi\u00f3n digital.<\/li>\n\n\n\n<li>Una m\u00e1quina de contar billetes.<\/li>\n\n\n\n<li>$245.840 en efectivo.<\/li>\n\n\n\n<li>Documentaci\u00f3n relevante para la causa.<\/li>\n\n\n\n<li>Un tel\u00e9fono celular que ser\u00e1 peritado para determinar posibles vinculaciones con redes de narcotr\u00e1fico.<\/li>\n<\/ul>\n\n\n\n<p>Los elementos secuestrados fueron puestos a disposici\u00f3n de la Justicia por infracci\u00f3n a la Ley Nacional de Drogas. Seg\u00fan fuentes oficiales, la investigaci\u00f3n continuar\u00e1 para identificar a otros posibles implicados en la red de distribuci\u00f3n. Mientras tanto, las autoridades refuerzan los controles en la zona para evitar la reaparici\u00f3n de actividades il\u00edcitas similares.<\/p>\n","protected":false},"excerpt":{"rendered":"<p>Durante un operativo supervisado por el Ministerio de Seguridad Nacional, la Polic\u00eda Federal Argentina desarticul\u00f3 un punto de distribuci\u00f3n de drogas en el barrio La Cava, partido de San Isidro. La investigaci\u00f3n, que hab\u00eda comenzado en noviembre de 2024, permiti\u00f3 identificar el lugar como un centro de acopio y venta de estupefacientes. El procedimiento estuvo [&hellip;]<\/p>\n","protected":false},"author":3,"featured_media":5309,"comment_status":"open","ping_status":"open","sticky":false,"template":"","format":"standard","meta":{"footnotes":""},"categories":[21],"tags":[184],"class_list":{"0":"post-5308","1":"post","2":"type-post","3":"status-publish","4":"format-standard","5":"has-post-thumbnail","7":"category-municipio","8":"tag-san-isidro"},"_links":{"self":[{"href":"https:\/\/provinciadigital.com.ar\/index.php?rest_route=\/wp\/v2\/posts\/5308","targetHints":{"allow":["GET"]}}],"collection":[{"href":"https:\/\/provinciadigital.com.ar\/index.php?rest_route=\/wp\/v2\/posts"}],"about":[{"href":"https:\/\/provinciadigital.com.ar\/index.php?rest_route=\/wp\/v2\/types\/post"}],"author":[{"embeddable":true,"href":"https:\/\/provinciadigital.com.ar\/index.php?rest_route=\/wp\/v2\/users\/3"}],"replies":[{"embeddable":true,"href":"https:\/\/provinciadigital.com.ar\/index.php?rest_route=%2Fwp%2Fv2%2Fcomments&post=5308"}],"version-history":[{"count":1,"href":"https:\/\/provinciadigital.com.ar\/index.php?rest_route=\/wp\/v2\/posts\/5308\/revisions"}],"predecessor-version":[{"id":5310,"href":"https:\/\/provinciadigital.com.ar\/index.php?rest_route=\/wp\/v2\/posts\/5308\/revisions\/5310"}],"wp:featuredmedia":[{"embeddable":true,"href":"https:\/\/provinciadigital.com.ar\/index.php?rest_route=\/wp\/v2\/media\/5309"}],"wp:attachment":[{"href":"https:\/\/provinciadigital.com.ar\/index.php?rest_route=%2Fwp%2Fv2%2Fmedia&parent=5308"}],"wp:term":[{"taxonomy":"category","embeddable":true,"href":"https:\/\/provinciadigital.com.ar\/index.php?rest_route=%2Fwp%2Fv2%2Fcategories&post=5308"},{"taxonomy":"post_tag","embeddable":true,"href":"https:\/\/provinciadigital.com.ar\/index.php?rest_route=%2Fwp%2Fv2%2Ftags&post=5308"}],"curies":[{"name":"wp","href":"https:\/\/api.w.org\/{rel}","templated":true}]}}