{"id":5314,"date":"2025-03-12T17:44:47","date_gmt":"2025-03-12T17:44:47","guid":{"rendered":"https:\/\/provinciadigital.com.ar\/?p=5314"},"modified":"2025-03-12T17:44:48","modified_gmt":"2025-03-12T17:44:48","slug":"el-monstruo-de-villa-martelli-acusado-de-abusar-de-su-hijastra-durante-seis-anos-cae-en-las-manos-de-la-justica","status":"publish","type":"post","link":"https:\/\/provinciadigital.com.ar\/?p=5314","title":{"rendered":"El &#8216;Monstruo de Villa Martelli&#8217;, acusado de abusar de su hijastra durante seis a\u00f1os cae en las manos de la justica"},"content":{"rendered":"\n<p>Un hombre de 49 a\u00f1os, identificado como A.J., fue detenido en Villa Ocampo, provincia de Santa Fe, tras haber huido luego de ser denunciado por abusar de su hijastra desde los 12 hasta los 18 a\u00f1os. La captura estuvo a cargo de la <strong>Divisi\u00f3n Homicidios de la Polic\u00eda Federal<\/strong>, que descubri\u00f3 que el acusado se refugiaba en un domicilio alquilado por un familiar.<\/p>\n\n\n\n<h3 class=\"wp-block-heading\"><strong>Una denuncia que destap\u00f3 el horror<\/strong><\/h3>\n\n\n\n<p>El caso sali\u00f3 a la luz luego de que la v\u00edctima, hoy de 19 a\u00f1os, denunciara los abusos ante la <strong>Unidad Funcional de Instrucci\u00f3n Especializada en Violencia de G\u00e9nero de Vicente L\u00f3pez<\/strong>. En su testimonio, la joven revel\u00f3 que los ataques se extendieron por seis a\u00f1os y que siempre ocurrieron bajo amenazas. Seg\u00fan relat\u00f3, su padrastro le aseguraba que matar\u00eda a ella y a sus hermanos si llegaba a contar lo sucedido.<\/p>\n\n\n\n<h3 class=\"wp-block-heading\"><strong>Escenarios de los abusos: de la calle a un albergue transitorio<\/strong><\/h3>\n\n\n\n<p>La v\u00edctima traz\u00f3 un mapa de los lugares donde fue abusada. A.J. no solo la atacaba en su propia casa cuando la madre no estaba, sino tambi\u00e9n en un terrapl\u00e9n del <strong>tren Belgrano Norte<\/strong>, entre la calle Melo y la avenida Mitre, en plena v\u00eda p\u00fablica. Adem\u00e1s, seg\u00fan su testimonio, la llev\u00f3 a un <strong>albergue transitorio en la calle O&#8217;Brien, en la zona de Constituci\u00f3n<\/strong>, donde tambi\u00e9n ocurrieron los abusos.<\/p>\n\n\n\n<h3 class=\"wp-block-heading\"><strong>Huida y captura en Santa Fe<\/strong><\/h3>\n\n\n\n<p>Tras la denuncia, A.J. escap\u00f3 de inmediato. La Divisi\u00f3n Homicidios de la PFA inici\u00f3 un operativo para dar con su paradero. Primero allanaron la casa de la madre del acusado en Florida Oeste, sin resultados. Sin embargo, al rastrear sus registros personales y comerciales, encontraron un antiguo domicilio registrado en <strong>Villa Ocampo, Santa Fe<\/strong>, lo que los llev\u00f3 a descubrir su escondite en un inmueble alquilado en la zona.<\/p>\n\n\n\n<p>Los agentes lograron que el acusado saliera de la vivienda y lo arrestaron en el acto. Posteriormente, fue trasladado de vuelta a la provincia de Buenos Aires, donde enfrentar\u00e1 cargos por <strong>abuso sexual reiterado, agravado por el v\u00ednculo<\/strong>.<\/p>\n\n\n\n<h3 class=\"wp-block-heading\"><strong>Otras detenciones resonantes de la Polic\u00eda Federal<\/strong><\/h3>\n\n\n\n<p>La captura de A.J. no es la \u00fanica operaci\u00f3n destacada de la Divisi\u00f3n Homicidios este a\u00f1o. En enero, lograron detener en Mar del Plata a <strong>Santiago Nicol\u00e1s Mallol, alias &#8220;Pipa&#8221;<\/strong>, acusado de asesinar hace 12 a\u00f1os a la psic\u00f3loga <strong>Martha Land\u00edvar en Pinamar<\/strong>.<\/p>\n\n\n\n<p>El crimen de Land\u00edvar, de 37 a\u00f1os, conmocion\u00f3 a la ciudad. Su cuerpo fue hallado el 20 de mayo de 2012 en su domicilio por un grupo de amigas, tras no responder sus mensajes. La autopsia revel\u00f3 que fue asesinada de un disparo en el pecho y otro en la mano. A pesar de que en su momento se detuvo a un funcionario municipal vinculado a la v\u00edctima, la falta de pruebas deriv\u00f3 en su liberaci\u00f3n.<\/p>\n\n\n\n<p>La Polic\u00eda Federal contin\u00faa con su labor en la captura de pr\u00f3fugos de alto perfil, resolviendo casos que han conmocionado al pa\u00eds.<\/p>\n","protected":false},"excerpt":{"rendered":"<p>Un hombre de 49 a\u00f1os, identificado como A.J., fue detenido en Villa Ocampo, provincia de Santa Fe, tras haber huido luego de ser denunciado por abusar de su hijastra desde los 12 hasta los 18 a\u00f1os. La captura estuvo a cargo de la Divisi\u00f3n Homicidios de la Polic\u00eda Federal, que descubri\u00f3 que el acusado se [&hellip;]<\/p>\n","protected":false},"author":3,"featured_media":5315,"comment_status":"open","ping_status":"open","sticky":false,"template":"","format":"standard","meta":{"footnotes":""},"categories":[20],"tags":[195],"class_list":{"0":"post-5314","1":"post","2":"type-post","3":"status-publish","4":"format-standard","5":"has-post-thumbnail","7":"category-provincia","8":"tag-vicente-lopez"},"_links":{"self":[{"href":"https:\/\/provinciadigital.com.ar\/index.php?rest_route=\/wp\/v2\/posts\/5314","targetHints":{"allow":["GET"]}}],"collection":[{"href":"https:\/\/provinciadigital.com.ar\/index.php?rest_route=\/wp\/v2\/posts"}],"about":[{"href":"https:\/\/provinciadigital.com.ar\/index.php?rest_route=\/wp\/v2\/types\/post"}],"author":[{"embeddable":true,"href":"https:\/\/provinciadigital.com.ar\/index.php?rest_route=\/wp\/v2\/users\/3"}],"replies":[{"embeddable":true,"href":"https:\/\/provinciadigital.com.ar\/index.php?rest_route=%2Fwp%2Fv2%2Fcomments&post=5314"}],"version-history":[{"count":1,"href":"https:\/\/provinciadigital.com.ar\/index.php?rest_route=\/wp\/v2\/posts\/5314\/revisions"}],"predecessor-version":[{"id":5316,"href":"https:\/\/provinciadigital.com.ar\/index.php?rest_route=\/wp\/v2\/posts\/5314\/revisions\/5316"}],"wp:featuredmedia":[{"embeddable":true,"href":"https:\/\/provinciadigital.com.ar\/index.php?rest_route=\/wp\/v2\/media\/5315"}],"wp:attachment":[{"href":"https:\/\/provinciadigital.com.ar\/index.php?rest_route=%2Fwp%2Fv2%2Fmedia&parent=5314"}],"wp:term":[{"taxonomy":"category","embeddable":true,"href":"https:\/\/provinciadigital.com.ar\/index.php?rest_route=%2Fwp%2Fv2%2Fcategories&post=5314"},{"taxonomy":"post_tag","embeddable":true,"href":"https:\/\/provinciadigital.com.ar\/index.php?rest_route=%2Fwp%2Fv2%2Ftags&post=5314"}],"curies":[{"name":"wp","href":"https:\/\/api.w.org\/{rel}","templated":true}]}}