{"id":5317,"date":"2025-03-12T17:50:33","date_gmt":"2025-03-12T17:50:33","guid":{"rendered":"https:\/\/provinciadigital.com.ar\/?p=5317"},"modified":"2025-03-12T17:50:33","modified_gmt":"2025-03-12T17:50:33","slug":"bahia-blanca-kicillof-anuncio-una-inversion-de-273-000-millones-para-la-reactivacion-de-la-ciudad","status":"publish","type":"post","link":"https:\/\/provinciadigital.com.ar\/?p=5317","title":{"rendered":"Bah\u00eda Blanca: Kicillof anunci\u00f3 una inversi\u00f3n de $273.000 millones para la reactivaci\u00f3n de la ciudad"},"content":{"rendered":"\n<p>El gobernador de la provincia de Buenos Aires, Axel Kicillof, anunci\u00f3 este martes una inversi\u00f3n de <strong>$273.000 millones<\/strong> destinada a la reparaci\u00f3n y normalizaci\u00f3n de Bah\u00eda Blanca, tras las severas consecuencias del temporal. La conferencia de prensa se realiz\u00f3 en el Sal\u00f3n H\u00e9roes de Malvinas del Palacio Municipal, con la presencia del intendente local, <strong>Federico Susbielles<\/strong>.<\/p>\n\n\n\n<h3 class=\"wp-block-heading\"><strong>Presencia del Estado y asistencia inmediata<\/strong><\/h3>\n\n\n\n<p>Kicillof enfatiz\u00f3 la importancia de la acci\u00f3n estatal ante emergencias clim\u00e1ticas. \u201cDesde el primer momento hemos trabajado para poner todos nuestros recursos a disposici\u00f3n del municipio y de las familias afectadas&#8221;, sostuvo. Actualmente, m\u00e1s de <strong>2.000 trabajadores<\/strong> de salud, seguridad, bomberos y Defensa Civil contin\u00faan desplegados en la zona.<\/p>\n\n\n\n<p>Adem\u00e1s, el gobernador se\u00f1al\u00f3 que &#8220;lo ocurrido en Bah\u00eda Blanca es consecuencia del <strong>cambio clim\u00e1tico<\/strong>&#8220;, destacando la necesidad de invertir en medidas de prevenci\u00f3n. &#8220;Sin Estado no hay respuesta y sin obra p\u00fablica no hay soluci\u00f3n&#8221;, afirm\u00f3.<\/p>\n\n\n\n<p>Por su parte, <strong>Susbielles<\/strong> agradeci\u00f3 el apoyo del gobierno provincial: &#8220;Fue el que m\u00e1s r\u00e1pido y con mayor volumen lleg\u00f3 a Bah\u00eda Blanca, con env\u00edo diario de insumos y personal capacitado&#8221;.<\/p>\n\n\n\n<h3 class=\"wp-block-heading\"><strong>Pedido al Gobierno Nacional<\/strong><\/h3>\n\n\n\n<p>Kicillof tambi\u00e9n reiter\u00f3 su solicitud de una reuni\u00f3n con el presidente de la Naci\u00f3n para abordar la reconstrucci\u00f3n de la ciudad. &#8220;Necesitamos la colaboraci\u00f3n del Gobierno nacional para reconstruir Bah\u00eda Blanca&#8221;, subray\u00f3, y asegur\u00f3 que el Gobierno provincial <strong>seguir\u00e1 presente<\/strong> hasta la recuperaci\u00f3n total de la ciudad.<\/p>\n\n\n\n<h3 class=\"wp-block-heading\"><strong>Medidas de asistencia y reactivaci\u00f3n<\/strong><\/h3>\n\n\n\n<h4 class=\"wp-block-heading\"><strong>Financiamiento y subsidios<\/strong><\/h4>\n\n\n\n<ul class=\"wp-block-list\">\n<li><strong>Transferencia de $10.000 millones<\/strong> solicitada al Gobierno nacional, ya recibida y disponible para el municipio.<\/li>\n\n\n\n<li><strong>L\u00edneas de cr\u00e9dito blando del Banco Provincia<\/strong>, con tasa subsidiada y 12 meses de gracia:\n<ul class=\"wp-block-list\">\n<li>Hasta <strong>$10 millones<\/strong> para familias.<\/li>\n\n\n\n<li>Hasta <strong>$40 millones<\/strong> para empresas y comercios.<\/li>\n<\/ul>\n<\/li>\n\n\n\n<li><strong>Subsidios no reembolsables de $800.000 por hogar<\/strong>, alcanzando a <strong>33.000 familias<\/strong>, con una inversi\u00f3n total de <strong>$26.000 millones<\/strong>.<\/li>\n<\/ul>\n\n\n\n<h4 class=\"wp-block-heading\"><strong>Incentivos impositivos<\/strong><\/h4>\n\n\n\n<ul class=\"wp-block-list\">\n<li>Exenci\u00f3n por un a\u00f1o del <strong>Impuesto Inmobiliario Urbano<\/strong>.<\/li>\n\n\n\n<li>Exenci\u00f3n de la primera cuota del <strong>Impuesto Automotor<\/strong>, extendi\u00e9ndose por un a\u00f1o a veh\u00edculos afectados por la inundaci\u00f3n.<\/li>\n\n\n\n<li><strong>Provincia Compras<\/strong> ofrecer\u00e1 <strong>36 cuotas sin inter\u00e9s<\/strong> en la compra de electrodom\u00e9sticos y equipamiento, con una inversi\u00f3n de <strong>$30.000 millones<\/strong>.<\/li>\n<\/ul>\n\n\n\n<h4 class=\"wp-block-heading\"><strong>Infraestructura y transporte<\/strong><\/h4>\n\n\n\n<ul class=\"wp-block-list\">\n<li><strong>Reconstrucci\u00f3n del canal Maldonado<\/strong>, con una inversi\u00f3n de <strong>$80.000 millones<\/strong>.<\/li>\n\n\n\n<li><strong>Fondo especial de $75.000 millones<\/strong> para reparaci\u00f3n de infraestructura urbana.<\/li>\n\n\n\n<li><strong>Reparaci\u00f3n temprana de puentes<\/strong> sobre el canal Maldonado, con una inversi\u00f3n de <strong>$15.000 millones<\/strong>.<\/li>\n\n\n\n<li><strong>Transporte gratuito por 30 d\u00edas<\/strong>, financiado por la Provincia.<\/li>\n<\/ul>\n\n\n\n<h4 class=\"wp-block-heading\"><strong>Salud, educaci\u00f3n y desarrollo comunitario<\/strong><\/h4>\n\n\n\n<ul class=\"wp-block-list\">\n<li><strong>Inversi\u00f3n de $22.000 millones<\/strong> para la restauraci\u00f3n completa del <strong>Hospital Penna<\/strong>.<\/li>\n\n\n\n<li><strong>Distribuci\u00f3n de 7.000 kits escolares y guardapolvos<\/strong>.<\/li>\n\n\n\n<li><strong>Inversi\u00f3n de $5.600 millones<\/strong> en materiales de construcci\u00f3n y mejoramiento habitacional.<\/li>\n\n\n\n<li><strong>OPISU destinar\u00e1 $8.000 millones<\/strong> a obras de pavimento, desag\u00fces, alumbrado p\u00fablico y equipamiento.<\/li>\n<\/ul>\n\n\n\n<p>El anuncio reafirma el compromiso del Gobierno de la provincia con la recuperaci\u00f3n de Bah\u00eda Blanca, priorizando la asistencia a las familias afectadas y la reconstrucci\u00f3n de la infraestructura da\u00f1ada.<\/p>\n","protected":false},"excerpt":{"rendered":"<p>El gobernador de la provincia de Buenos Aires, Axel Kicillof, anunci\u00f3 este martes una inversi\u00f3n de $273.000 millones destinada a la reparaci\u00f3n y normalizaci\u00f3n de Bah\u00eda Blanca, tras las severas consecuencias del temporal. La conferencia de prensa se realiz\u00f3 en el Sal\u00f3n H\u00e9roes de Malvinas del Palacio Municipal, con la presencia del intendente local, Federico [&hellip;]<\/p>\n","protected":false},"author":3,"featured_media":5318,"comment_status":"open","ping_status":"open","sticky":false,"template":"","format":"standard","meta":{"footnotes":""},"categories":[20],"tags":[],"class_list":{"0":"post-5317","1":"post","2":"type-post","3":"status-publish","4":"format-standard","5":"has-post-thumbnail","7":"category-provincia"},"_links":{"self":[{"href":"https:\/\/provinciadigital.com.ar\/index.php?rest_route=\/wp\/v2\/posts\/5317","targetHints":{"allow":["GET"]}}],"collection":[{"href":"https:\/\/provinciadigital.com.ar\/index.php?rest_route=\/wp\/v2\/posts"}],"about":[{"href":"https:\/\/provinciadigital.com.ar\/index.php?rest_route=\/wp\/v2\/types\/post"}],"author":[{"embeddable":true,"href":"https:\/\/provinciadigital.com.ar\/index.php?rest_route=\/wp\/v2\/users\/3"}],"replies":[{"embeddable":true,"href":"https:\/\/provinciadigital.com.ar\/index.php?rest_route=%2Fwp%2Fv2%2Fcomments&post=5317"}],"version-history":[{"count":1,"href":"https:\/\/provinciadigital.com.ar\/index.php?rest_route=\/wp\/v2\/posts\/5317\/revisions"}],"predecessor-version":[{"id":5319,"href":"https:\/\/provinciadigital.com.ar\/index.php?rest_route=\/wp\/v2\/posts\/5317\/revisions\/5319"}],"wp:featuredmedia":[{"embeddable":true,"href":"https:\/\/provinciadigital.com.ar\/index.php?rest_route=\/wp\/v2\/media\/5318"}],"wp:attachment":[{"href":"https:\/\/provinciadigital.com.ar\/index.php?rest_route=%2Fwp%2Fv2%2Fmedia&parent=5317"}],"wp:term":[{"taxonomy":"category","embeddable":true,"href":"https:\/\/provinciadigital.com.ar\/index.php?rest_route=%2Fwp%2Fv2%2Fcategories&post=5317"},{"taxonomy":"post_tag","embeddable":true,"href":"https:\/\/provinciadigital.com.ar\/index.php?rest_route=%2Fwp%2Fv2%2Ftags&post=5317"}],"curies":[{"name":"wp","href":"https:\/\/api.w.org\/{rel}","templated":true}]}}