{"id":5350,"date":"2025-03-21T15:46:57","date_gmt":"2025-03-21T15:46:57","guid":{"rendered":"https:\/\/provinciadigital.com.ar\/?p=5350"},"modified":"2025-03-21T15:46:58","modified_gmt":"2025-03-21T15:46:58","slug":"macri-especula-sobre-una-posible-fusion-de-el-pro-con-lla-de-cara-a-las-proximas-elecciones","status":"publish","type":"post","link":"https:\/\/provinciadigital.com.ar\/?p=5350","title":{"rendered":"Macri especula sobre una posible fusi\u00f3n de el PRO con LLA de cara a las pr\u00f3ximas elecciones"},"content":{"rendered":"\n<p><strong>El expresidente confirm\u00f3 su apoyo antes de una reuni\u00f3n clave en San Telmo, pero advirti\u00f3 que &#8220;todav\u00eda estamos en la fase de palabras y fotos&#8221;.<\/strong><\/p>\n\n\n\n<p>El expresidente Mauricio Macri encabez\u00f3 este viernes una reuni\u00f3n clave con la c\u00fapula del PRO para definir la estrategia electoral del partido, especialmente en la Ciudad de Buenos Aires, luego de que La Libertad Avanza (LLA) confirmara que competir\u00e1 con lista propia. El encuentro se llev\u00f3 a cabo en la sede de la calle Balcarce, en el barrio de San Telmo.<\/p>\n\n\n\n<h3 class=\"wp-block-heading\"><strong>Posible alianza con La Libertad Avanza<\/strong><\/h3>\n\n\n\n<p>Previo al encuentro, Macri fue consultado sobre la posibilidad de una alianza entre el PRO y LLA en la provincia de Buenos Aires. &#8220;Absolutamente&#8221;, respondi\u00f3, aunque aclar\u00f3 que &#8220;todav\u00eda estamos en la fase de palabras y fotos&#8221;. Explic\u00f3 que fue la conducci\u00f3n del partido la que instruy\u00f3 al presidente del PRO bonaerense, Cristian Ritondo, y al diputado Diego Santilli para reunirse en Casa Rosada con dirigentes libertarios y explorar esta alternativa.<\/p>\n\n\n\n<p>\u201cSe les pidi\u00f3 que, por s\u00ed o por no, sepamos d\u00f3nde vamos\u201d, asegur\u00f3. Sin embargo, contrast\u00f3 que en la Ciudad de Buenos Aires no se ha dado el mismo acercamiento y reconoci\u00f3: \u201cEs dif\u00edcil saber por qu\u00e9\u201d.<\/p>\n\n\n\n<p>Macri enfatiz\u00f3 el compromiso del PRO con la gobernabilidad y resalt\u00f3 que su partido ha colaborado intensamente con LLA en el \u00faltimo a\u00f1o y medio de gesti\u00f3n. \u201cVenimos a reunirnos para seguir trabajando en ver c\u00f3mo ayudar a que la Argentina salga adelante\u201d, subray\u00f3.<\/p>\n\n\n\n<h3 class=\"wp-block-heading\"><strong>La estrategia del PRO y las prioridades en CABA<\/strong><\/h3>\n\n\n\n<p>La prioridad del PRO es conservar el control pol\u00edtico de la Ciudad de Buenos Aires, donde gobierna hace 18 a\u00f1os. El cierre de alianzas el pasado 19 de marzo formaliz\u00f3 el frente \u201cBuenos Aires Primero\u201d, compuesto por el PRO y otras fuerzas aliadas como el Partido Dem\u00f3crata, UNIR y Encuentro Republicano Federal.<\/p>\n\n\n\n<p>En la reuni\u00f3n de este viernes participaron dirigentes de peso, como Jorge Macri, Mar\u00eda Eugenia Vidal, Ritondo y Santilli, mientras que otros referentes, como los gobernadores Rogelio Frigerio (Entre R\u00edos) e Ignacio Torres (Chubut), se sumaron por Zoom. Tambi\u00e9n se comenz\u00f3 a explorar opciones para las candidaturas porte\u00f1as de cara al cierre de listas del 29 de marzo. Uno de los nombres que suena con fuerza es el de Mar\u00eda Eugenia Vidal, quien actualmente lidera la campa\u00f1a porte\u00f1a bajo el lema &#8220;Fiebre amarilla&#8221;.<\/p>\n\n\n\n<h3 class=\"wp-block-heading\"><strong>Macri y su rol en la campa\u00f1a nacional<\/strong><\/h3>\n\n\n\n<p>A nivel nacional, Macri intensifica su actividad pol\u00edtica. En febrero comparti\u00f3 eventos con el gobernador de Santa Fe, Maximiliano Pullaro, y la vicegobernadora Gisela Scaglia, fortaleciendo v\u00ednculos con la UCR. En las pr\u00f3ximas semanas, planea recorridas por C\u00f3rdoba y Mendoza, adem\u00e1s de una posible postulaci\u00f3n como senador nacional en las elecciones de octubre.<\/p>\n\n\n\n<p>Su entorno se\u00f1ala que su prioridad es sostener al PRO como una fuerza relevante y no descartan que &#8220;ponga el cuerpo&#8221; en la campa\u00f1a si es necesario. La vocera del gobierno porte\u00f1o, Laura Alonso, incluso afirm\u00f3: \u201cMauricio es el candidato perfecto del PRO\u201d.<\/p>\n\n\n\n<h3 class=\"wp-block-heading\"><strong>Las tensiones con Rodr\u00edguez Larreta y el rumbo del PRO<\/strong><\/h3>\n\n\n\n<p>En el encuentro tambi\u00e9n se analiz\u00f3 el movimiento de Horacio Rodr\u00edguez Larreta, quien anunci\u00f3 que competir\u00e1 por separado y lanz\u00f3 fuertes cr\u00edticas contra la gesti\u00f3n porte\u00f1a, afirmando que ve la Ciudad &#8220;sucia&#8221;, &#8220;insegura&#8221; y &#8220;con olor a pis&#8221;. Macri, por su parte, ha dado se\u00f1ales de avanzar con estructuras provinciales aut\u00f3nomas sin depender de la estructura libertaria.<\/p>\n\n\n\n<p>No obstante, en la provincia de Buenos Aires, un armado conjunto con LLA sigue sobre la mesa. Ayer, Ritondo y Santilli se reunieron en Casa Rosada con Javier Milei, Karina Milei, Sebasti\u00e1n Pareja y &#8220;Lule&#8221; Menem, en lo que algunos calificaron como &#8220;la primera foto&#8221; de un posible acuerdo. Ritondo confirm\u00f3 que la negociaci\u00f3n cuenta con el respaldo absoluto de Macri: \u201cMauricio no especul\u00f3 nunca y desde el primer momento apoy\u00f3 al gobierno desde el Congreso\u201d.<\/p>\n\n\n\n<h3 class=\"wp-block-heading\"><strong>La disputa en CABA y la oposici\u00f3n fragmentada<\/strong><\/h3>\n\n\n\n<p>Mientras el PRO define su estrategia, La Libertad Avanza eval\u00faa posibles candidatos en la Ciudad de Buenos Aires. Entre los nombres que suenan est\u00e1n el vocero presidencial Manuel Adorni y el influencer Daniel Parisini, aunque este \u00faltimo ha descartado una candidatura en 2025.<\/p>\n\n\n\n<p>Por otro lado, el Frente de Izquierda y de los Trabajadores \u2013 Unidad (FIT-U) design\u00f3 a Vanina Biasi como su candidata a la Legislatura porte\u00f1a. &#8220;El PRO se pelea con LLA para ver qui\u00e9n encarna la expresi\u00f3n de derecha en la Ciudad&#8221;, declar\u00f3, al tiempo que critic\u00f3 al peronismo por su falta de definici\u00f3n. En este contexto, Leandro Santoro surge como la principal apuesta del peronismo porte\u00f1o, advirtiendo: &#8220;El PRO tiene que jugar con Vidal o puede salir cuarto&#8221;.<\/p>\n\n\n\n<p>Con un escenario electoral en plena ebullici\u00f3n, el PRO busca definir su camino en la Ciudad y la provincia de Buenos Aires, mientras que la posibilidad de una alianza con La Libertad Avanza sigue generando expectativa y debate en el tablero pol\u00edtico nacional.<\/p>\n","protected":false},"excerpt":{"rendered":"<p>El expresidente confirm\u00f3 su apoyo antes de una reuni\u00f3n clave en San Telmo, pero advirti\u00f3 que &#8220;todav\u00eda estamos en la fase de palabras y fotos&#8221;. El expresidente Mauricio Macri encabez\u00f3 este viernes una reuni\u00f3n clave con la c\u00fapula del PRO para definir la estrategia electoral del partido, especialmente en la Ciudad de Buenos Aires, luego [&hellip;]<\/p>\n","protected":false},"author":3,"featured_media":5351,"comment_status":"open","ping_status":"open","sticky":false,"template":"","format":"standard","meta":{"footnotes":""},"categories":[129],"tags":[],"class_list":{"0":"post-5350","1":"post","2":"type-post","3":"status-publish","4":"format-standard","5":"has-post-thumbnail","7":"category-nacionales"},"_links":{"self":[{"href":"https:\/\/provinciadigital.com.ar\/index.php?rest_route=\/wp\/v2\/posts\/5350","targetHints":{"allow":["GET"]}}],"collection":[{"href":"https:\/\/provinciadigital.com.ar\/index.php?rest_route=\/wp\/v2\/posts"}],"about":[{"href":"https:\/\/provinciadigital.com.ar\/index.php?rest_route=\/wp\/v2\/types\/post"}],"author":[{"embeddable":true,"href":"https:\/\/provinciadigital.com.ar\/index.php?rest_route=\/wp\/v2\/users\/3"}],"replies":[{"embeddable":true,"href":"https:\/\/provinciadigital.com.ar\/index.php?rest_route=%2Fwp%2Fv2%2Fcomments&post=5350"}],"version-history":[{"count":1,"href":"https:\/\/provinciadigital.com.ar\/index.php?rest_route=\/wp\/v2\/posts\/5350\/revisions"}],"predecessor-version":[{"id":5352,"href":"https:\/\/provinciadigital.com.ar\/index.php?rest_route=\/wp\/v2\/posts\/5350\/revisions\/5352"}],"wp:featuredmedia":[{"embeddable":true,"href":"https:\/\/provinciadigital.com.ar\/index.php?rest_route=\/wp\/v2\/media\/5351"}],"wp:attachment":[{"href":"https:\/\/provinciadigital.com.ar\/index.php?rest_route=%2Fwp%2Fv2%2Fmedia&parent=5350"}],"wp:term":[{"taxonomy":"category","embeddable":true,"href":"https:\/\/provinciadigital.com.ar\/index.php?rest_route=%2Fwp%2Fv2%2Fcategories&post=5350"},{"taxonomy":"post_tag","embeddable":true,"href":"https:\/\/provinciadigital.com.ar\/index.php?rest_route=%2Fwp%2Fv2%2Ftags&post=5350"}],"curies":[{"name":"wp","href":"https:\/\/api.w.org\/{rel}","templated":true}]}}