{"id":5354,"date":"2025-03-21T16:19:58","date_gmt":"2025-03-21T16:19:58","guid":{"rendered":"https:\/\/provinciadigital.com.ar\/?p=5354"},"modified":"2025-03-21T16:20:00","modified_gmt":"2025-03-21T16:20:00","slug":"san-isidro-se-prepara-para-el-lollapalooza-2025-con-un-megaoperativo-de-seguridad-y-transito","status":"publish","type":"post","link":"https:\/\/provinciadigital.com.ar\/?p=5354","title":{"rendered":"San Isidro se prepara para el Lollapalooza 2025 con un megaoperativo de seguridad y tr\u00e1nsito"},"content":{"rendered":"\n<p>El festival de m\u00fasica m\u00e1s importante del mundo regresa a Argentina y se llevar\u00e1 a cabo del <strong>21 al 23 de marzo<\/strong> en el Hip\u00f3dromo de San Isidro. Para garantizar la seguridad y el normal desarrollo del evento, el municipio desplegar\u00e1 un extenso operativo que incluir\u00e1 <strong>700 polic\u00edas, m\u00e1s de 100 agentes de tr\u00e1nsito y refuerzos en el transporte p\u00fablico.<\/strong><\/p>\n\n\n\n<h3 class=\"wp-block-heading\">Seguridad y Control<\/h3>\n\n\n\n<p>El operativo de seguridad contar\u00e1 con <strong>polic\u00edas adicionales, patrullas municipales y vigilancia del Centro de Operaciones Municipal (COM)<\/strong>, encargado del monitoreo de c\u00e1maras y control de accesos. Para cualquier emergencia, los asistentes podr\u00e1n comunicarse al <strong>4512-3333<\/strong>.<\/p>\n\n\n\n<p>El intendente <strong>Ram\u00f3n Lan\u00fas<\/strong> destac\u00f3 la importancia del evento: <em>\u201cRecibir un festival de este nivel pone a San Isidro en el centro del mundo de la m\u00fasica y beneficia al turismo y el comercio local. Adem\u00e1s, por segundo a\u00f1o consecutivo, el operativo se financia con los ingresos del festival, sin costo para los vecinos.\u201d<\/em><\/p>\n\n\n\n<h3 class=\"wp-block-heading\">Operativo de Tr\u00e1nsito<\/h3>\n\n\n\n<p>Para ordenar la circulaci\u00f3n de veh\u00edculos, se desplegar\u00e1n <strong>gr\u00faas, m\u00f3viles y agentes de tr\u00e1nsito<\/strong> que garantizar\u00e1n el flujo vehicular y la seguridad peatonal. Se realizar\u00e1n controles estrictos para evitar el estacionamiento indebido y la doble fila. En caso de obstrucci\u00f3n de garaje, se podr\u00e1 llamar al <strong>147<\/strong>.<\/p>\n\n\n\n<p>Habr\u00e1 <strong>tres accesos peatonales<\/strong>:<\/p>\n\n\n\n<ul class=\"wp-block-list\">\n<li><strong>Av. Santa Fe y M\u00e1rquez<\/strong><\/li>\n\n\n\n<li><strong>Av. M\u00e1rquez al 900 (entrada Paddock)<\/strong><\/li>\n\n\n\n<li><strong>Av. M\u00e1rquez (entrada oficial del Hip\u00f3dromo)<\/strong><\/li>\n<\/ul>\n\n\n\n<p>Los ingresos vehiculares al estacionamiento ser\u00e1n por <strong>Av. Santa Fe y Av. de la Unidad Nacional, y Av. Fleming y Av. M\u00e1rquez<\/strong>. Se recomienda a los vecinos evitar la circulaci\u00f3n por estas zonas durante el festival.<\/p>\n\n\n\n<h3 class=\"wp-block-heading\">Cortes de calles y restricciones<\/h3>\n\n\n\n<p>Durante los tres d\u00edas del evento, desde las <strong>10:00 hs<\/strong>, permanecer\u00e1 cerrada <strong>Av. Unidad Nacional (mano a Panamericana)<\/strong> a la altura de la rotonda con Santa Fe, San Lorenzo y Saavedra. Tambi\u00e9n habr\u00e1 restricciones en <strong>Av. M\u00e1rquez<\/strong> y el <strong>t\u00fanel de Rivadavia y Roque S\u00e1enz Pe\u00f1a<\/strong>. A partir de las <strong>21:00 hs<\/strong>, los cortes se ampliar\u00e1n.<\/p>\n\n\n\n<h3 class=\"wp-block-heading\">Refuerzo en transporte p\u00fablico<\/h3>\n\n\n\n<p>Para facilitar el regreso de los asistentes, se reforzar\u00e1 el servicio nocturno de diversas l\u00edneas de colectivo y tren:<\/p>\n\n\n\n<ul class=\"wp-block-list\">\n<li><strong>Colectivos con servicio nocturno extendido:<\/strong> 60, 168, 203, 333, 338, 343, 365, 371, 407, 437 y 707. Tambi\u00e9n se agregar\u00e1n servicios extras de las l\u00edneas 15, 29, 42, 44, 55, 63, 64, 65, 80, 113, 114, 118 y 130, que pasan por Barrancas de Belgrano.<\/li>\n\n\n\n<li><strong>Trenes adicionales en la l\u00ednea Mitre (San Isidro &#8211; Retiro):<\/strong> Desde las <strong>23:30 hs hasta las 2:30 hs<\/strong>, con frecuencia cada <strong>15 minutos<\/strong> y una \u00fanica parada intermedia en Belgrano C.<\/li>\n\n\n\n<li><strong>Guarder\u00eda de bicicletas en la estaci\u00f3n San Isidro (Cosme Beccar 160):<\/strong> Disponible <strong>viernes 21 y s\u00e1bado 22 desde las 8:00 hasta las 2:00 am<\/strong>, y el <strong>domingo 23 desde las 10:00 hasta las 2:00 am<\/strong>.<\/li>\n<\/ul>\n\n\n\n<h3 class=\"wp-block-heading\">Limpieza y estacionamiento<\/h3>\n\n\n\n<p>Se desplegar\u00e1n <strong>240 barrenderos y contenedores de residuos adicionales<\/strong> en la zona. Adem\u00e1s, el <strong>Hospital Central y el edificio municipal abrir\u00e1n sus playas de estacionamiento durante las 24 horas<\/strong> y el <strong>estacionamiento medido (SIE) ser\u00e1 gratuito s\u00e1bado y domingo.<\/strong><\/p>\n\n\n\n<h3 class=\"wp-block-heading\">Resumen del Operativo en N\u00fameros<\/h3>\n\n\n\n<ul class=\"wp-block-list\">\n<li><strong>700 polic\u00edas<\/strong><\/li>\n\n\n\n<li><strong>1036 efectivos de seguridad privada<\/strong><\/li>\n\n\n\n<li><strong>240 barrenderos<\/strong><\/li>\n\n\n\n<li><strong>105 agentes de tr\u00e1nsito<\/strong><\/li>\n\n\n\n<li><strong>20 m\u00e9dicos y 21 t\u00e9cnicos de emergencia<\/strong><\/li>\n\n\n\n<li><strong>65 socorristas<\/strong><\/li>\n\n\n\n<li><strong>11 ambulancias de alta complejidad<\/strong><\/li>\n\n\n\n<li><strong>9 autobombas y unidades de bomberos<\/strong><\/li>\n\n\n\n<li><strong>4 puestos sanitarios<\/strong><\/li>\n<\/ul>\n\n\n\n<p>Para reportar cualquier incidente, se podr\u00e1 acceder a la app <strong>SI24<\/strong>, que tendr\u00e1 un \u00edcono especial para gestionar reclamos r\u00e1pidamente.<\/p>\n\n\n\n<p>Con este megaoperativo, San Isidro se prepara para recibir a miles de asistentes y garantizar un festival seguro y organizado.<\/p>\n","protected":false},"excerpt":{"rendered":"<p>El festival de m\u00fasica m\u00e1s importante del mundo regresa a Argentina y se llevar\u00e1 a cabo del 21 al 23 de marzo en el Hip\u00f3dromo de San Isidro. Para garantizar la seguridad y el normal desarrollo del evento, el municipio desplegar\u00e1 un extenso operativo que incluir\u00e1 700 polic\u00edas, m\u00e1s de 100 agentes de tr\u00e1nsito y [&hellip;]<\/p>\n","protected":false},"author":3,"featured_media":5355,"comment_status":"open","ping_status":"open","sticky":false,"template":"","format":"standard","meta":{"footnotes":""},"categories":[21],"tags":[184],"class_list":{"0":"post-5354","1":"post","2":"type-post","3":"status-publish","4":"format-standard","5":"has-post-thumbnail","7":"category-municipio","8":"tag-san-isidro"},"_links":{"self":[{"href":"https:\/\/provinciadigital.com.ar\/index.php?rest_route=\/wp\/v2\/posts\/5354","targetHints":{"allow":["GET"]}}],"collection":[{"href":"https:\/\/provinciadigital.com.ar\/index.php?rest_route=\/wp\/v2\/posts"}],"about":[{"href":"https:\/\/provinciadigital.com.ar\/index.php?rest_route=\/wp\/v2\/types\/post"}],"author":[{"embeddable":true,"href":"https:\/\/provinciadigital.com.ar\/index.php?rest_route=\/wp\/v2\/users\/3"}],"replies":[{"embeddable":true,"href":"https:\/\/provinciadigital.com.ar\/index.php?rest_route=%2Fwp%2Fv2%2Fcomments&post=5354"}],"version-history":[{"count":1,"href":"https:\/\/provinciadigital.com.ar\/index.php?rest_route=\/wp\/v2\/posts\/5354\/revisions"}],"predecessor-version":[{"id":5356,"href":"https:\/\/provinciadigital.com.ar\/index.php?rest_route=\/wp\/v2\/posts\/5354\/revisions\/5356"}],"wp:featuredmedia":[{"embeddable":true,"href":"https:\/\/provinciadigital.com.ar\/index.php?rest_route=\/wp\/v2\/media\/5355"}],"wp:attachment":[{"href":"https:\/\/provinciadigital.com.ar\/index.php?rest_route=%2Fwp%2Fv2%2Fmedia&parent=5354"}],"wp:term":[{"taxonomy":"category","embeddable":true,"href":"https:\/\/provinciadigital.com.ar\/index.php?rest_route=%2Fwp%2Fv2%2Fcategories&post=5354"},{"taxonomy":"post_tag","embeddable":true,"href":"https:\/\/provinciadigital.com.ar\/index.php?rest_route=%2Fwp%2Fv2%2Ftags&post=5354"}],"curies":[{"name":"wp","href":"https:\/\/api.w.org\/{rel}","templated":true}]}}