{"id":5362,"date":"2025-03-25T17:04:55","date_gmt":"2025-03-25T17:04:55","guid":{"rendered":"https:\/\/provinciadigital.com.ar\/?p=5362"},"modified":"2025-03-25T17:04:56","modified_gmt":"2025-03-25T17:04:56","slug":"san-fernando-homenajeo-a-las-victimas-de-la-dictadura-plantando-arboles-por-la-memoria","status":"publish","type":"post","link":"https:\/\/provinciadigital.com.ar\/?p=5362","title":{"rendered":"San Fernando homenaje\u00f3 a las v\u00edctimas de la dictadura plantando \u00e1rboles por la Memoria"},"content":{"rendered":"\n<p>El Municipio de San Fernando conmemor\u00f3 el D\u00eda Nacional por la Memoria, la Verdad y la Justicia con un emotivo acto en la Plaza del Bicentenario, donde se plantaron ceibos en homenaje a las v\u00edctimas de la dictadura c\u00edvico-militar instaurada tras el golpe de Estado del 24 de marzo de 1976. \u201cEs un d\u00eda para no olvidar, para tener una memoria presente y activa\u201d, expres\u00f3 la Secretaria municipal Eva Andreotti.<\/p>\n\n\n\n<h3 class=\"wp-block-heading\"><strong>Un acto para mantener viva la memoria<\/strong><\/h3>\n\n\n\n<p>A 49 a\u00f1os del golpe de Estado que dio inicio a un r\u00e9gimen de represi\u00f3n, persecuci\u00f3n y desapariciones en Argentina, el Municipio de San Fernando organiz\u00f3 una ceremonia con la participaci\u00f3n de vecinos, instituciones y familiares de las v\u00edctimas. En este marco, se plantaron ceibos como s\u00edmbolo de memoria y justicia.<\/p>\n\n\n\n<p>Eva Andreotti, Secretaria de Desarrollo Social, Educaci\u00f3n y Medio Ambiente del Municipio, destac\u00f3 la importancia de este acto: \u201cNos reunimos vecinos y representantes de instituciones para conmemorar un d\u00eda que nos llama a la reflexi\u00f3n y al compromiso con la memoria. Plantamos \u00e1rboles para recordar hoy y siempre a los desaparecidos. Repudiamos estos hechos de represi\u00f3n y violencia desde el Estado, y reafirmamos nuestro compromiso para que nunca m\u00e1s sucedan\u201d.<\/p>\n\n\n\n<h3 class=\"wp-block-heading\"><strong>El valor de recordar para evitar repetir la historia<\/strong><\/h3>\n\n\n\n<p>Cristina Maderna, Directora del \u00e1rea municipal de Derechos Humanos y Culto, subray\u00f3 la importancia de preservar la memoria sin rencor, pero con firmeza: \u201cEs fundamental recordar sin violencia ni odios. Durante siete a\u00f1os, un grupo de asesinos y dementes intent\u00f3 borrar nuestra identidad. Secuestraron, torturaron, mataron y arrojaron personas al mar. Por eso es tan importante mantener viva la memoria para que aquel horror no vuelva a repetirse\u201d.<\/p>\n\n\n\n<h3 class=\"wp-block-heading\"><strong>Un homenaje con ra\u00edces en la historia<\/strong><\/h3>\n\n\n\n<p>Julio C\u00e9sar Prado, familiar de una v\u00edctima de la dictadura, comparti\u00f3 su testimonio y destac\u00f3 el significado del acto: \u201cPlantar \u00e1rboles es como sembrar memoria en homenaje a los desaparecidos. Mi hermana, Mar\u00eda Elena Prado, fue marginada y perseguida hasta que un d\u00eda desapareci\u00f3. Me genera mucha bronca que, a 49 a\u00f1os, todav\u00eda haya quienes nieguen este genocidio. Estos ceibos representan algo profundo: un recordatorio de una etapa tr\u00e1gica que no debe olvidarse. Que todos escuchen y aprendan sobre los desaparecidos, porque su lucha no fue en vano. Por eso, no hay mejor expresi\u00f3n que <code>Nunca M\u00e1s<\/code>&#8220;.<\/p>\n\n\n\n<p>El acto tambi\u00e9n cont\u00f3 con la presencia de funcionarios municipales, concejales, referentes de la comunidad y familiares de las v\u00edctimas, quienes reafirmaron su compromiso con la memoria, la verdad y la justicia.<\/p>\n","protected":false},"excerpt":{"rendered":"<p>El Municipio de San Fernando conmemor\u00f3 el D\u00eda Nacional por la Memoria, la Verdad y la Justicia con un emotivo acto en la Plaza del Bicentenario, donde se plantaron ceibos en homenaje a las v\u00edctimas de la dictadura c\u00edvico-militar instaurada tras el golpe de Estado del 24 de marzo de 1976. \u201cEs un d\u00eda para [&hellip;]<\/p>\n","protected":false},"author":3,"featured_media":5363,"comment_status":"open","ping_status":"open","sticky":false,"template":"","format":"standard","meta":{"footnotes":""},"categories":[20],"tags":[],"class_list":{"0":"post-5362","1":"post","2":"type-post","3":"status-publish","4":"format-standard","5":"has-post-thumbnail","7":"category-provincia"},"_links":{"self":[{"href":"https:\/\/provinciadigital.com.ar\/index.php?rest_route=\/wp\/v2\/posts\/5362","targetHints":{"allow":["GET"]}}],"collection":[{"href":"https:\/\/provinciadigital.com.ar\/index.php?rest_route=\/wp\/v2\/posts"}],"about":[{"href":"https:\/\/provinciadigital.com.ar\/index.php?rest_route=\/wp\/v2\/types\/post"}],"author":[{"embeddable":true,"href":"https:\/\/provinciadigital.com.ar\/index.php?rest_route=\/wp\/v2\/users\/3"}],"replies":[{"embeddable":true,"href":"https:\/\/provinciadigital.com.ar\/index.php?rest_route=%2Fwp%2Fv2%2Fcomments&post=5362"}],"version-history":[{"count":1,"href":"https:\/\/provinciadigital.com.ar\/index.php?rest_route=\/wp\/v2\/posts\/5362\/revisions"}],"predecessor-version":[{"id":5364,"href":"https:\/\/provinciadigital.com.ar\/index.php?rest_route=\/wp\/v2\/posts\/5362\/revisions\/5364"}],"wp:featuredmedia":[{"embeddable":true,"href":"https:\/\/provinciadigital.com.ar\/index.php?rest_route=\/wp\/v2\/media\/5363"}],"wp:attachment":[{"href":"https:\/\/provinciadigital.com.ar\/index.php?rest_route=%2Fwp%2Fv2%2Fmedia&parent=5362"}],"wp:term":[{"taxonomy":"category","embeddable":true,"href":"https:\/\/provinciadigital.com.ar\/index.php?rest_route=%2Fwp%2Fv2%2Fcategories&post=5362"},{"taxonomy":"post_tag","embeddable":true,"href":"https:\/\/provinciadigital.com.ar\/index.php?rest_route=%2Fwp%2Fv2%2Ftags&post=5362"}],"curies":[{"name":"wp","href":"https:\/\/api.w.org\/{rel}","templated":true}]}}