{"id":5365,"date":"2025-03-25T17:07:06","date_gmt":"2025-03-25T17:07:06","guid":{"rendered":"https:\/\/provinciadigital.com.ar\/?p=5365"},"modified":"2025-03-25T17:36:17","modified_gmt":"2025-03-25T17:36:17","slug":"san-isidro-un-librero-acusado-de-imprimir-y-vender-publicaciones-de-ideologia-nazi-ira-a-juicio","status":"publish","type":"post","link":"https:\/\/provinciadigital.com.ar\/?p=5365","title":{"rendered":"San Isidro: Un librero acusado de imprimir y vender publicaciones de ideolog\u00eda nazi ir\u00e1 a juicio"},"content":{"rendered":"\n<p>Los vend\u00eda a trav\u00e9s de un sitio web, una plataforma de comercio electr\u00f3nico y distintos perfiles en las redes sociales Facebook e Instagram.<\/p>\n\n\n\n<p><strong>Su editor y librero ir\u00e1 a juicio por imprimir y vender publicaciones de ideolog\u00eda nazi\u00a0<\/strong>a trav\u00e9s de un sitio web, una plataforma de comercio electr\u00f3nico y distintos perfiles en las redes sociales\u00a0Facebook\u00a0e\u00a0Instagram.<\/p>\n\n\n\n<p>El titular de la Fiscal\u00eda Federal N\u00b01 de San Isidro, Federico Iuspa, solicit\u00f3 al Juzgado Federal N\u00b01 de esa jurisdicci\u00f3n, a cargo de la jueza Sandra Arroyo Salgado, la elevaci\u00f3n a juicio de la investigaci\u00f3n contra el&nbsp;<strong>editor y librero Pablo Adri\u00e1n Giorgetti, que fue detenido en su casa en San Isidro.<\/strong><\/p>\n\n\n\n<p>El comunicado del Ministerio P\u00fablico Fiscal indica que la investigaci\u00f3n se inici\u00f3 a ra\u00edz de la&nbsp;<strong>presentaci\u00f3n efectuada por la Delegaci\u00f3n de Asociaciones Israelitas Argentinas (DAIA)<\/strong>&nbsp;ante el Departamento \u201cUnidad de Investigaci\u00f3n Antiterrorista\u201d de la Polic\u00eda Federal Argentina, que&nbsp;<strong>denunci\u00f3 a los responsables del sitio web \u201cLibrer\u00eda Argentina\u201d y a dos usuarios en la plataforma&nbsp;Mercado&nbsp;Libre<\/strong>, por efectuar publicaciones con simbolog\u00eda nazi y divulgaciones antisemitas.<\/p>\n\n\n\n<p>\u201cLa organizaci\u00f3n indic\u00f3 que en el sitio y los perfiles de usuarios denunciados se comercializaban libros de historia, en su mayor\u00eda sobre hechos de la&nbsp;<strong>Segunda Guerra Mundial, la colectividad jud\u00eda y el sionismo<\/strong>\u201d, se explica.<\/p>\n\n\n\n<p>Asimismo, se sum\u00f3 que el sitio \u201cpresentaba&nbsp;<strong>simbolog\u00eda asociada al nazismo<\/strong>&nbsp;y que conten\u00eda la leyenda&nbsp;<em><strong>\u2018hacemos lugar a libros marginados de las librer\u00edas m\u00e1s populares sin importar su tendencia. Especialmente a toda forma de nacionalismo e historia de movimientos antiguos u olvidados\u2019<\/strong><\/em>, los cuales eran eufemismos utilizados para hacer alusi\u00f3n a libros que seguramente son impopulares, pero justamente por su contenido claramente discriminatorio\u201d.<\/p>\n\n\n\n<p>Tambi\u00e9n se estableci\u00f3 que, en los \u00faltimos meses, el imputado hab\u00eda vendido casi&nbsp;<strong>700 ejemplares<\/strong>&nbsp;de diversas publicaciones.<\/p>\n\n\n\n<p>Ante lo hallado, se dieron inicio a las tareas de investigaci\u00f3n, las cuales fueron desarrolladas por la Unidad de Investigaci\u00f3n Antiterrorista de la PFA.<\/p>\n\n\n\n<p>Estas averiguaciones permitieron identificar a Giorgetti, de 47 a\u00f1os, como el&nbsp;<strong>responsable<\/strong>&nbsp;de los perfiles en&nbsp;<strong>redes sociales<\/strong>;&nbsp;<strong>Mercado&nbsp;Libre<\/strong>, los cuales fueron bloqueados por violaci\u00f3n a sus normas internas, y del&nbsp;<strong>sitio web<\/strong>&nbsp;donde se vend\u00edan las publicaciones.<\/p>\n\n\n\n<p>Adem\u00e1s, se estableci\u00f3 que el hombre se dedicaba a la&nbsp;<strong>edici\u00f3n de libros y folletos<\/strong>, y que enviaba el material producido a una imprenta para culminar sus trabajos.<\/p>\n\n\n\n<p>El 12 de octubre de 2023 el juzgado orden\u00f3 el allanamiento de dos viviendas ubicadas en las ciudades bonaerenses de Beccar y Mart\u00ednez. En el primer domicilio se secuestraron&nbsp;<strong>222 libros con simbolog\u00eda nazi, una impresora, una notebook, un celular, una guillotina y 140 tapas de libros con esas caracter\u00edsticas<\/strong>. En el segundo no encontraron elementos de inter\u00e9s para la investigaci\u00f3n.<\/p>\n\n\n\n<p>En virtud de las pruebas y testimonios recolectados, el fiscal Iuspa consider\u00f3 que Giorgetti \u201cal menos desde febrero de 2021 hasta septiembre de 2023, llev\u00f3 a cabo la actividad il\u00edcita descripta que implicaba la propaganda basada en ideas o teor\u00edas de superioridad de una raza con directa vinculaci\u00f3n al r\u00e9gimen nazi, promocionando principalmente, la discriminaci\u00f3n hacia las personas jud\u00edas, mediante la edici\u00f3n y comercializaci\u00f3n de libros, en tanto mediante su contenido, se alentaba o incitaba la persecuci\u00f3n o el odio contra personas de esa colectividad\u201d.<\/p>\n\n\n\n<p>Para los investigadores, el hombre es autor del delito de realizaci\u00f3n de propaganda basada en ideas o teor\u00edas de superioridad de una raza, con el objeto de justificar o promover la discriminaci\u00f3n racial o religiosa en los t\u00e9rminos del art\u00edculo 3\u00b0, primer p\u00e1rrafo, de la Ley 23.592 de Medidas contra Actos Discriminatorios, que prev\u00e9 una pena de un mes a tres a\u00f1os de prisi\u00f3n.<\/p>\n\n\n\n<p>\u201cLa difusi\u00f3n de publicaciones con contenido antisemita, que incluyen expresiones negacionistas del Holocausto, entre tantas otras barbaridades, quebranta la convivencia democr\u00e1tica ya que promueve la deshumanizaci\u00f3n y exclusi\u00f3n de determinados grupos, bas\u00e1ndose en ideas o teor\u00edas que defienden la superioridad de una raza o de un grupo de personas seg\u00fan su religi\u00f3n, origen \u00e9tnico o color. Esto, a su vez, necesariamente conlleva a la justificaci\u00f3n o promoci\u00f3n de la discriminaci\u00f3n racial o religiosa\u201d, sostuvo el fiscal.<\/p>\n\n\n\n<p>\u201cVale se\u00f1alar que la tem\u00e1tica casi exclusiva del material y el evidente contenido discriminatorio contra la comunidad jud\u00eda que surge no solo del contenido sino de gran parte de los t\u00edtulos mismos, llevan a descartar de plano una posible colisi\u00f3n de derechos, en este caso, con el derecho a expresarse libremente. Justamente, porque esas expresiones eran las que ten\u00edan car\u00e1cter discriminatorio incitando al odio racial o religioso\u201d, destaca el dictamen.<\/p>\n\n\n\n<p>Por otra parte, el fiscal entendi\u00f3 que el acusado \u201cactu\u00f3 con conocimiento y voluntad\u201d del alcance y contenido de los libros con los que \u201cefectuaba propaganda que alentaba o incitaba al odio por el contenido discriminatorio\u201d que inclu\u00edan, lo cual qued\u00f3 evidenciado en \u201cla necesidad de ocultar su identidad mediante seud\u00f3nimos y\/o identidades falsas para crear sus sitios web, seguido por las reiteradas sanciones impuestas por&nbsp;Mercado&nbsp;Libre&nbsp;debido al incumplimiento de sus pol\u00edticas, t\u00e9rminos y condiciones, las cuales culminaban en la suspensi\u00f3n de su cuenta\u201d.<\/p>\n","protected":false},"excerpt":{"rendered":"<p>Los vend\u00eda a trav\u00e9s de un sitio web, una plataforma de comercio electr\u00f3nico y distintos perfiles en las redes sociales Facebook e Instagram. Su editor y librero ir\u00e1 a juicio por imprimir y vender publicaciones de ideolog\u00eda nazi\u00a0a trav\u00e9s de un sitio web, una plataforma de comercio electr\u00f3nico y distintos perfiles en las redes sociales\u00a0Facebook\u00a0e\u00a0Instagram. [&hellip;]<\/p>\n","protected":false},"author":3,"featured_media":5366,"comment_status":"open","ping_status":"open","sticky":false,"template":"","format":"standard","meta":{"footnotes":""},"categories":[21],"tags":[],"class_list":{"0":"post-5365","1":"post","2":"type-post","3":"status-publish","4":"format-standard","5":"has-post-thumbnail","7":"category-municipio"},"_links":{"self":[{"href":"https:\/\/provinciadigital.com.ar\/index.php?rest_route=\/wp\/v2\/posts\/5365","targetHints":{"allow":["GET"]}}],"collection":[{"href":"https:\/\/provinciadigital.com.ar\/index.php?rest_route=\/wp\/v2\/posts"}],"about":[{"href":"https:\/\/provinciadigital.com.ar\/index.php?rest_route=\/wp\/v2\/types\/post"}],"author":[{"embeddable":true,"href":"https:\/\/provinciadigital.com.ar\/index.php?rest_route=\/wp\/v2\/users\/3"}],"replies":[{"embeddable":true,"href":"https:\/\/provinciadigital.com.ar\/index.php?rest_route=%2Fwp%2Fv2%2Fcomments&post=5365"}],"version-history":[{"count":2,"href":"https:\/\/provinciadigital.com.ar\/index.php?rest_route=\/wp\/v2\/posts\/5365\/revisions"}],"predecessor-version":[{"id":5371,"href":"https:\/\/provinciadigital.com.ar\/index.php?rest_route=\/wp\/v2\/posts\/5365\/revisions\/5371"}],"wp:featuredmedia":[{"embeddable":true,"href":"https:\/\/provinciadigital.com.ar\/index.php?rest_route=\/wp\/v2\/media\/5366"}],"wp:attachment":[{"href":"https:\/\/provinciadigital.com.ar\/index.php?rest_route=%2Fwp%2Fv2%2Fmedia&parent=5365"}],"wp:term":[{"taxonomy":"category","embeddable":true,"href":"https:\/\/provinciadigital.com.ar\/index.php?rest_route=%2Fwp%2Fv2%2Fcategories&post=5365"},{"taxonomy":"post_tag","embeddable":true,"href":"https:\/\/provinciadigital.com.ar\/index.php?rest_route=%2Fwp%2Fv2%2Ftags&post=5365"}],"curies":[{"name":"wp","href":"https:\/\/api.w.org\/{rel}","templated":true}]}}