{"id":5380,"date":"2025-03-27T17:32:13","date_gmt":"2025-03-27T17:32:13","guid":{"rendered":"https:\/\/provinciadigital.com.ar\/?p=5380"},"modified":"2025-03-27T17:32:14","modified_gmt":"2025-03-27T17:32:14","slug":"julio-zamora-en-el-hcd-criticas-a-kicillof-reclamos-por-seguridad-y-una-mirada-sobre-el-futuro-de-tigre","status":"publish","type":"post","link":"https:\/\/provinciadigital.com.ar\/?p=5380","title":{"rendered":"Julio Zamora en el HCD: Cr\u00edticas a Kicillof, reclamos por seguridad y una mirada sobre el futuro de Tigre"},"content":{"rendered":"\n<p>En la apertura de las Sesiones Ordinarias 2025 del Honorable Concejo Deliberante de Tigre, el intendente Julio Zamora expuso un balance de las pol\u00edticas municipales y plante\u00f3 los desaf\u00edos que enfrenta el distrito. En su discurso, destac\u00f3 la necesidad de regular las alturas de las edificaciones para preservar la identidad de cada localidad y resalt\u00f3 la importancia de la seguridad ciudadana. Sin embargo, tambi\u00e9n se mostr\u00f3 cr\u00edtico con la gesti\u00f3n del gobernador Axel Kicillof, se\u00f1alando la falta de patrulleros para el Municipio y la centralizaci\u00f3n de tr\u00e1mites en La Plata, que podr\u00edan realizarse en Tigre.<\/p>\n\n\n\n<p><strong>Seguridad y cr\u00edticas a la Provincia<\/strong><\/p>\n\n\n\n<p>El jefe comunal enfatiz\u00f3 la inversi\u00f3n local en seguridad con tecnolog\u00eda de vigilancia, nuevos m\u00f3viles y la implementaci\u00f3n de oficinas de Ciber COT, dise\u00f1adas para el rastreo inmediato de delincuentes. No obstante, apunt\u00f3 contra el gobierno bonaerense por la reducci\u00f3n de cuadrillas policiales en el distrito y reclam\u00f3 un mayor compromiso de la Provincia en materia de seguridad.<\/p>\n\n\n\n<p><strong>El impacto de la econom\u00eda y las disputas con Naci\u00f3n<\/strong><\/p>\n\n\n\n<p>Sobre el contexto econ\u00f3mico, Zamora critic\u00f3 las pol\u00edticas del ministro de Econom\u00eda, Luis Caputo, que afectan la recaudaci\u00f3n municipal. Se\u00f1al\u00f3 que el recorte en la coparticipaci\u00f3n impacta en los servicios que el Municipio brinda a los vecinos, generando dificultades para el mantenimiento de la infraestructura local. Aunque sus cr\u00edticas hacia el gobierno nacional fueron medidas, dej\u00f3 en claro que muchas de las decisiones tomadas desde Casa Rosada perjudican la gesti\u00f3n en los distritos.<\/p>\n\n\n\n<p><strong>Autocr\u00edtica y el futuro del peronismo<\/strong><\/p>\n\n\n\n<p>Zamora tambi\u00e9n se refiri\u00f3 a la situaci\u00f3n pol\u00edtica del peronismo, marcando la falta de unidad como la principal causa de la derrota en las \u00faltimas elecciones nacionales. Advirti\u00f3 que, si no se generan espacios de consensos reales, podr\u00edan repetirse nuevas ca\u00eddas en los pr\u00f3ximos comicios. &#8220;El peronismo tiene que recuperar su vocaci\u00f3n de mayor\u00eda y eso solo se logra con di\u00e1logo y unidad&#8221;, sentenci\u00f3.<\/p>\n\n\n\n<p><strong>Infraestructura y desarrollo urbano<\/strong><\/p>\n\n\n\n<p>El intendente destac\u00f3 los avances en infraestructura, mencionando proyectos clave como la construcci\u00f3n del Hospital de Alta Complejidad para Adultos y el primer hospital de hemodinamia del distrito. Tambi\u00e9n detall\u00f3 obras viales, entre ellas, un viaducto en el camino Bancalari-Benav\u00eddez, la intervenci\u00f3n en el cruce de la V50 y la construcci\u00f3n de puentes en el Canal Aliviador y el R\u00edo Tigre.<\/p>\n\n\n\n<p><strong>Compromiso con la educaci\u00f3n y el deporte<\/strong><\/p>\n\n\n\n<p>En cuanto a educaci\u00f3n, Zamora resalt\u00f3 la construcci\u00f3n de la Escuela Secundaria N\u00b0 47 de Benav\u00eddez y la puesta en valor de diversos edificios escolares. En el \u00e1rea deportiva, inform\u00f3 sobre la continuaci\u00f3n de obras en polideportivos, la pista de atletismo y el nuevo natatorio de General Pacheco. Asegur\u00f3, adem\u00e1s, que durante su gesti\u00f3n no se privatizar\u00e1 el complejo Ecosol de Rinc\u00f3n de Milberg.<\/p>\n\n\n\n<p><strong>Cultura, derechos humanos y pol\u00edticas sociales<\/strong><\/p>\n\n\n\n<p>El jefe comunal subray\u00f3 la importancia de la cultura en Tigre, mencionando la construcci\u00f3n de dos nuevos teatros en Don Torcuato y El Talar. Asimismo, reafirm\u00f3 el compromiso del Municipio con la memoria hist\u00f3rica y los derechos humanos. En materia social, destac\u00f3 la asistencia a 200 comedores y merenderos, junto con el trabajo de vecinas voluntarias.<\/p>\n\n\n\n<p><strong>&#8220;Vamos a seguir trabajando como siempre&#8221;<\/strong><\/p>\n\n\n\n<p>Para concluir, Zamora reafirm\u00f3 su compromiso con la gesti\u00f3n municipal y asegur\u00f3 que Tigre continuar\u00e1 en la misma l\u00ednea de trabajo: &#8220;Vamos a seguir haciendo las cosas como siempre, con esfuerzo y compromiso por nuestra comunidad&#8221;.<\/p>\n\n\n\n<p>Su discurso dej\u00f3 en claro que, si bien hay voluntad de di\u00e1logo, tambi\u00e9n hay reclamos firmes tanto a la Provincia como a la Naci\u00f3n, y una advertencia sobre la necesidad de que el peronismo recupere su cohesi\u00f3n para enfrentar los desaf\u00edos pol\u00edticos del futuro.<\/p>\n","protected":false},"excerpt":{"rendered":"<p>En la apertura de las Sesiones Ordinarias 2025 del Honorable Concejo Deliberante de Tigre, el intendente Julio Zamora expuso un balance de las pol\u00edticas municipales y plante\u00f3 los desaf\u00edos que enfrenta el distrito. En su discurso, destac\u00f3 la necesidad de regular las alturas de las edificaciones para preservar la identidad de cada localidad y resalt\u00f3 [&hellip;]<\/p>\n","protected":false},"author":3,"featured_media":5381,"comment_status":"open","ping_status":"open","sticky":false,"template":"","format":"standard","meta":{"footnotes":""},"categories":[21],"tags":[54,25],"class_list":{"0":"post-5380","1":"post","2":"type-post","3":"status-publish","4":"format-standard","5":"has-post-thumbnail","7":"category-municipio","8":"tag-julio-zamora","9":"tag-tigre"},"_links":{"self":[{"href":"https:\/\/provinciadigital.com.ar\/index.php?rest_route=\/wp\/v2\/posts\/5380","targetHints":{"allow":["GET"]}}],"collection":[{"href":"https:\/\/provinciadigital.com.ar\/index.php?rest_route=\/wp\/v2\/posts"}],"about":[{"href":"https:\/\/provinciadigital.com.ar\/index.php?rest_route=\/wp\/v2\/types\/post"}],"author":[{"embeddable":true,"href":"https:\/\/provinciadigital.com.ar\/index.php?rest_route=\/wp\/v2\/users\/3"}],"replies":[{"embeddable":true,"href":"https:\/\/provinciadigital.com.ar\/index.php?rest_route=%2Fwp%2Fv2%2Fcomments&post=5380"}],"version-history":[{"count":1,"href":"https:\/\/provinciadigital.com.ar\/index.php?rest_route=\/wp\/v2\/posts\/5380\/revisions"}],"predecessor-version":[{"id":5382,"href":"https:\/\/provinciadigital.com.ar\/index.php?rest_route=\/wp\/v2\/posts\/5380\/revisions\/5382"}],"wp:featuredmedia":[{"embeddable":true,"href":"https:\/\/provinciadigital.com.ar\/index.php?rest_route=\/wp\/v2\/media\/5381"}],"wp:attachment":[{"href":"https:\/\/provinciadigital.com.ar\/index.php?rest_route=%2Fwp%2Fv2%2Fmedia&parent=5380"}],"wp:term":[{"taxonomy":"category","embeddable":true,"href":"https:\/\/provinciadigital.com.ar\/index.php?rest_route=%2Fwp%2Fv2%2Fcategories&post=5380"},{"taxonomy":"post_tag","embeddable":true,"href":"https:\/\/provinciadigital.com.ar\/index.php?rest_route=%2Fwp%2Fv2%2Ftags&post=5380"}],"curies":[{"name":"wp","href":"https:\/\/api.w.org\/{rel}","templated":true}]}}