{"id":5427,"date":"2025-04-08T16:53:50","date_gmt":"2025-04-08T16:53:50","guid":{"rendered":"https:\/\/provinciadigital.com.ar\/?p=5427"},"modified":"2025-04-08T16:53:51","modified_gmt":"2025-04-08T16:53:51","slug":"interna-peronista-al-rojo-vivo-kicillof-desdobla-las-elecciones-en-buenos-aires-y-desafia-a-cristina-kirchner","status":"publish","type":"post","link":"https:\/\/provinciadigital.com.ar\/?p=5427","title":{"rendered":"Interna Peronista al Rojo Vivo: Kicillof Desdobla las Elecciones en Buenos Aires y Desaf\u00eda a Cristina Kirchner"},"content":{"rendered":"\n<h2 class=\"wp-block-heading\"><\/h2>\n\n\n\n<h3 class=\"wp-block-heading\"><strong>El Gobernador Ignora las Presiones y Fija Fecha para Septiembre, Profundizando la Fractura en el Peronismo<\/strong><\/h3>\n\n\n\n<p>En una conferencia de prensa este lunes, el gobernador de la Provincia de Buenos Aires, Axel Kicillof, anunci\u00f3 formalmente la fecha de las elecciones provinciales: ser\u00e1n el pr\u00f3ximo 7 de septiembre, separadas de los comicios nacionales. Esta decisi\u00f3n unilateral, tomada tras el fracaso de las negociaciones con M\u00e1ximo Kirchner y Sergio Massa, agudiza a\u00fan m\u00e1s la profunda interna que atraviesa el peronismo bonaerense.<\/p>\n\n\n\n<h3 class=\"wp-block-heading\"><strong>Kicillof Impone su Cronograma Electoral Tras el Quiebre de las Negociaciones<\/strong><\/h3>\n\n\n\n<p>La cuerda, ya tensa entre los diferentes sectores del peronismo provincial, termin\u00f3 por romperse tras una fallida reuni\u00f3n el domingo por la noche en La Plata. Kicillof firm\u00f3 el decreto estableciendo la fecha para la elecci\u00f3n de cargos legislativos provinciales y concejales en los 135 municipios bonaerenses, desoyendo las demandas de otros sectores.<\/p>\n\n\n\n<ul class=\"wp-block-list\">\n<li><strong>La C\u00e1mpora Insist\u00eda con la Simultaneidad:<\/strong> El espacio liderado por M\u00e1ximo Kirchner hab\u00eda presionado fuertemente por la concurrencia de las elecciones provinciales con las nacionales, llegando a amenazar con tratarlo en una sesi\u00f3n legislativa este martes, la cual finalmente fue suspendida tras el anuncio de Kicillof.<\/li>\n\n\n\n<li><strong>La Propuesta &#8220;Negociada&#8221; de Massa:<\/strong> El Frente Renovador de Sergio Massa hab\u00eda sugerido postergar los comicios provinciales hasta noviembre, buscando un panorama nacional m\u00e1s claro antes de definir las estrategias locales.<\/li>\n<\/ul>\n\n\n\n<h3 class=\"wp-block-heading\"><strong>Argumentos T\u00e9cnicos Ocultan la Disputa por el Liderazgo Peronista<\/strong><\/h3>\n\n\n\n<p>En una breve conferencia de prensa sin espacio para preguntas, Kicillof argument\u00f3 su decisi\u00f3n bas\u00e1ndose en una serie de tecnicismos que, seg\u00fan \u00e9l, har\u00edan &#8220;un caos&#8221; la realizaci\u00f3n simult\u00e1nea de ambas elecciones. Sin embargo, detr\u00e1s de estos argumentos t\u00e9cnicos subyace una clara disputa pol\u00edtica por la conducci\u00f3n del peronismo bonaerense, tal como se hab\u00eda anticipado.<\/p>\n\n\n\n<h3 class=\"wp-block-heading\"><strong>La Estrategia de Cristina Kirchner: Un Peronismo Unido Bajo su Candidatura Nacional<\/strong><\/h3>\n\n\n\n<p>La insistencia de Cristina Kirchner en realizar las elecciones en Buenos Aires el mismo d\u00eda que las nacionales, en contra de la voluntad de Kicillof, responde a una estrategia de mostrar un peronismo unificado a nivel nacional detr\u00e1s de su posible candidatura. Esto le permitir\u00eda tener mayor influencia en el armado de las listas provinciales y municipales.<\/p>\n\n\n\n<h3 class=\"wp-block-heading\"><strong>El Peronismo Enfrascado en su Interna, Lejos de las Necesidades Ciudadanas<\/strong><\/h3>\n\n\n\n<p>Mientras el gobierno de Milei avanza, el peronismo bonaerense se encuentra inmerso en una feroz interna, priorizando sus propias disputas de poder por encima de las necesidades de los bonaerenses y de una estrategia unificada para confrontar al oficialismo nacional.<\/p>\n\n\n\n<h3 class=\"wp-block-heading\"><strong>R\u00e9plica de La C\u00e1mpora: \u00bfCristina Kirchner Candidata en la Tercera Secci\u00f3n?<\/strong><\/h3>\n\n\n\n<p>La respuesta desde sectores de La C\u00e1mpora no tard\u00f3 en llegar. Ante el escenario de elecciones desdobladas, se rumorea con fuerza la posibilidad de que Cristina Kirchner se presente como candidata provincial por la populosa tercera secci\u00f3n electoral, que abarca desde La Matanza hasta los distritos del sur del conurbano.<\/p>\n\n\n\n<h3 class=\"wp-block-heading\"><strong>El Ejecutivo Avanza para Suspender las PASO Provinciales<\/strong><\/h3>\n\n\n\n<p>Instantes despu\u00e9s del anuncio de Kicillof, ingres\u00f3 al Senado provincial un proyecto del Ejecutivo que propone &#8220;Suspender para el a\u00f1o 2025 la aplicaci\u00f3n del cap\u00edtulo 1 de la ley 14.086 vinculado al sistema de elecciones Primarias, Abiertas, Simult\u00e1neas y Obligatorias (PASO)&#8221;. Esta iniciativa podr\u00eda sumar a\u00fan m\u00e1s tensi\u00f3n al ya caldeado clima pol\u00edtico.<\/p>\n\n\n\n<h3 class=\"wp-block-heading\"><strong>Golpe de Kicillof y Futuro Incierto: \u00bfAcuerdo Forzado o Profundizaci\u00f3n de la Grieta?<\/strong><\/h3>\n\n\n\n<p>La decisi\u00f3n de Kicillof marca un fuerte golpe en la interna peronista. Ahora, resta ver c\u00f3mo reaccionar\u00e1n los dem\u00e1s sectores y si primar\u00e1 un acuerdo forzado &#8220;a los codazos&#8221; o si la grieta se profundizar\u00e1 a\u00fan m\u00e1s. Lo que resulta evidente es que los ciudadanos bonaerenses son testigos de una disputa por el poder que parece ajena a sus verdaderas necesidades.<\/p>\n","protected":false},"excerpt":{"rendered":"<p>El Gobernador Ignora las Presiones y Fija Fecha para Septiembre, Profundizando la Fractura en el Peronismo En una conferencia de prensa este lunes, el gobernador de la Provincia de Buenos Aires, Axel Kicillof, anunci\u00f3 formalmente la fecha de las elecciones provinciales: ser\u00e1n el pr\u00f3ximo 7 de septiembre, separadas de los comicios nacionales. Esta decisi\u00f3n unilateral, [&hellip;]<\/p>\n","protected":false},"author":3,"featured_media":5428,"comment_status":"open","ping_status":"open","sticky":false,"template":"","format":"standard","meta":{"footnotes":""},"categories":[20],"tags":[],"class_list":{"0":"post-5427","1":"post","2":"type-post","3":"status-publish","4":"format-standard","5":"has-post-thumbnail","7":"category-provincia"},"_links":{"self":[{"href":"https:\/\/provinciadigital.com.ar\/index.php?rest_route=\/wp\/v2\/posts\/5427","targetHints":{"allow":["GET"]}}],"collection":[{"href":"https:\/\/provinciadigital.com.ar\/index.php?rest_route=\/wp\/v2\/posts"}],"about":[{"href":"https:\/\/provinciadigital.com.ar\/index.php?rest_route=\/wp\/v2\/types\/post"}],"author":[{"embeddable":true,"href":"https:\/\/provinciadigital.com.ar\/index.php?rest_route=\/wp\/v2\/users\/3"}],"replies":[{"embeddable":true,"href":"https:\/\/provinciadigital.com.ar\/index.php?rest_route=%2Fwp%2Fv2%2Fcomments&post=5427"}],"version-history":[{"count":1,"href":"https:\/\/provinciadigital.com.ar\/index.php?rest_route=\/wp\/v2\/posts\/5427\/revisions"}],"predecessor-version":[{"id":5429,"href":"https:\/\/provinciadigital.com.ar\/index.php?rest_route=\/wp\/v2\/posts\/5427\/revisions\/5429"}],"wp:featuredmedia":[{"embeddable":true,"href":"https:\/\/provinciadigital.com.ar\/index.php?rest_route=\/wp\/v2\/media\/5428"}],"wp:attachment":[{"href":"https:\/\/provinciadigital.com.ar\/index.php?rest_route=%2Fwp%2Fv2%2Fmedia&parent=5427"}],"wp:term":[{"taxonomy":"category","embeddable":true,"href":"https:\/\/provinciadigital.com.ar\/index.php?rest_route=%2Fwp%2Fv2%2Fcategories&post=5427"},{"taxonomy":"post_tag","embeddable":true,"href":"https:\/\/provinciadigital.com.ar\/index.php?rest_route=%2Fwp%2Fv2%2Ftags&post=5427"}],"curies":[{"name":"wp","href":"https:\/\/api.w.org\/{rel}","templated":true}]}}