{"id":5445,"date":"2025-04-14T17:50:09","date_gmt":"2025-04-14T17:50:09","guid":{"rendered":"https:\/\/provinciadigital.com.ar\/?p=5445"},"modified":"2025-04-14T17:50:10","modified_gmt":"2025-04-14T17:50:10","slug":"tras-el-fin-del-cepo-milei-asegura-que-la-inflacion-no-se-disparara-y-advierte-al-campo-por-las-retenciones","status":"publish","type":"post","link":"https:\/\/provinciadigital.com.ar\/?p=5445","title":{"rendered":"Tras el fin del cepo, Milei asegura que la inflaci\u00f3n no se disparar\u00e1 y advierte al campo por las retenciones"},"content":{"rendered":"\n<p>A una hora de la apertura del mercado cambiario sin el cepo, el presidente Javier Milei se mostr\u00f3 firme al asegurar que la eliminaci\u00f3n de las restricciones &#8220;no tiene por qu\u00e9&#8221; generar un aumento de la inflaci\u00f3n. Para el mandatario, el d\u00f3lar es &#8220;un precio m\u00e1s&#8221; y su liberaci\u00f3n, dentro de las bandas establecidas, no deber\u00eda ser un factor inflacionario si no se incrementa la cantidad de dinero en circulaci\u00f3n.<\/p>\n\n\n\n<p>&#8220;Si no modifico la cantidad de dinero, los precios no tienen por qu\u00e9 subir. Y si hay cambio de precio relativo, va a tener que bajar la demanda de otro y, por lo tanto, su precio&#8221;, explic\u00f3 Milei en una extensa entrevista radial, calificando el d\u00eda como &#8220;especial&#8221; y de &#8220;mayor libertad&#8221;.<\/p>\n\n\n\n<p>El Presidente remarc\u00f3 que la eliminaci\u00f3n del cepo, implementado al final del gobierno de Mauricio Macri y endurecido durante el kirchnerismo, era un paso necesario para &#8220;romper cadenas&#8221; y desarmar un &#8220;monstruo cambiario&#8221;. Destac\u00f3 la prudencia del Gobierno para recapitalizar el Banco Central antes de la liberaci\u00f3n y el rol clave del ministro Luis Caputo y del titular del BCRA, Santiago Bausili, en la negociaci\u00f3n con el FMI para obtener un acuerdo &#8220;in\u00e9dito&#8221; destinado a este fin.<\/p>\n\n\n\n<p>En un mensaje directo al sector agropecuario, Milei anunci\u00f3 que la baja transitoria de las retenciones a las exportaciones tradicionales vencer\u00e1 en junio. &#8220;Av\u00edsenle al campo que si tiene que liquidar que liquide ahora porque vuelven en junio&#8221;, advirti\u00f3.<\/p>\n\n\n\n<p>El Presidente se mostr\u00f3 optimista sobre el futuro de la inflaci\u00f3n, estimando que promediar\u00e1 el 0% para mediados de 2026, momento en el que asegur\u00f3 que &#8220;se termina el problema de la inflaci\u00f3n para la Argentina&#8221;.<\/p>\n\n\n\n<p>Sobre el acuerdo con el FMI, Milei enfatiz\u00f3 que se logr\u00f3 gracias al equilibrio fiscal y a una pol\u00edtica monetaria consistente, marcando una diferencia hist\u00f3rica para la econom\u00eda argentina, que ahora opera con un tipo de cambio \u00fanico de mercado.<\/p>\n\n\n\n<p>Milei tambi\u00e9n aprovech\u00f3 la oportunidad para criticar a economistas como Hern\u00e1n Lacunza y Domingo Cavallo, acus\u00e1ndolos de generar inestabilidad durante las negociaciones con el FMI.<\/p>\n\n\n\n<p>En el plano pol\u00edtico, el Presidente calific\u00f3 como un &#8220;fracaso&#8221; el reciente paro de la CGT y se refiri\u00f3 a las pr\u00f3ximas elecciones, se\u00f1alando que su objetivo es derrotar al kirchnerismo. Tambi\u00e9n critic\u00f3 el desdoblamiento de las elecciones en la Ciudad de Buenos Aires y la gesti\u00f3n actual del distrito.<\/p>\n\n\n\n<p>Finalmente, la noticia del fin del cepo cambiario, tras seis a\u00f1os de vigencia, se concret\u00f3 este lunes con una banda de flotaci\u00f3n del d\u00f3lar entre $1000 y $1400. En las primeras operaciones, el d\u00f3lar mostr\u00f3 volatilidad, llegando a tocar los $1250 en el Banco Naci\u00f3n, que cerr\u00f3 el viernes anterior a $1097,50, lo que representa un aumento significativo en la primera jornada sin restricciones.<\/p>\n","protected":false},"excerpt":{"rendered":"<p>A una hora de la apertura del mercado cambiario sin el cepo, el presidente Javier Milei se mostr\u00f3 firme al asegurar que la eliminaci\u00f3n de las restricciones &#8220;no tiene por qu\u00e9&#8221; generar un aumento de la inflaci\u00f3n. Para el mandatario, el d\u00f3lar es &#8220;un precio m\u00e1s&#8221; y su liberaci\u00f3n, dentro de las bandas establecidas, no [&hellip;]<\/p>\n","protected":false},"author":3,"featured_media":5446,"comment_status":"open","ping_status":"open","sticky":false,"template":"","format":"standard","meta":{"footnotes":""},"categories":[129],"tags":[],"class_list":{"0":"post-5445","1":"post","2":"type-post","3":"status-publish","4":"format-standard","5":"has-post-thumbnail","7":"category-nacionales"},"_links":{"self":[{"href":"https:\/\/provinciadigital.com.ar\/index.php?rest_route=\/wp\/v2\/posts\/5445","targetHints":{"allow":["GET"]}}],"collection":[{"href":"https:\/\/provinciadigital.com.ar\/index.php?rest_route=\/wp\/v2\/posts"}],"about":[{"href":"https:\/\/provinciadigital.com.ar\/index.php?rest_route=\/wp\/v2\/types\/post"}],"author":[{"embeddable":true,"href":"https:\/\/provinciadigital.com.ar\/index.php?rest_route=\/wp\/v2\/users\/3"}],"replies":[{"embeddable":true,"href":"https:\/\/provinciadigital.com.ar\/index.php?rest_route=%2Fwp%2Fv2%2Fcomments&post=5445"}],"version-history":[{"count":1,"href":"https:\/\/provinciadigital.com.ar\/index.php?rest_route=\/wp\/v2\/posts\/5445\/revisions"}],"predecessor-version":[{"id":5447,"href":"https:\/\/provinciadigital.com.ar\/index.php?rest_route=\/wp\/v2\/posts\/5445\/revisions\/5447"}],"wp:featuredmedia":[{"embeddable":true,"href":"https:\/\/provinciadigital.com.ar\/index.php?rest_route=\/wp\/v2\/media\/5446"}],"wp:attachment":[{"href":"https:\/\/provinciadigital.com.ar\/index.php?rest_route=%2Fwp%2Fv2%2Fmedia&parent=5445"}],"wp:term":[{"taxonomy":"category","embeddable":true,"href":"https:\/\/provinciadigital.com.ar\/index.php?rest_route=%2Fwp%2Fv2%2Fcategories&post=5445"},{"taxonomy":"post_tag","embeddable":true,"href":"https:\/\/provinciadigital.com.ar\/index.php?rest_route=%2Fwp%2Fv2%2Ftags&post=5445"}],"curies":[{"name":"wp","href":"https:\/\/api.w.org\/{rel}","templated":true}]}}