{"id":5449,"date":"2025-04-16T18:04:27","date_gmt":"2025-04-16T18:04:27","guid":{"rendered":"https:\/\/provinciadigital.com.ar\/?p=5449"},"modified":"2025-04-16T18:04:28","modified_gmt":"2025-04-16T18:04:28","slug":"kevin-buj-es-muy-probable-que-encabece-la-lista-de-concejales-de-lla-en-san-fernando","status":"publish","type":"post","link":"https:\/\/provinciadigital.com.ar\/?p=5449","title":{"rendered":"Kevin Buj: \u201cEs muy probable que encabece la lista de concejales de LLA en San Fernando\u201d"},"content":{"rendered":"\n<h2 class=\"wp-block-heading\"><\/h2>\n\n\n\n<hr class=\"wp-block-separator has-alpha-channel-opacity\"\/>\n\n\n\n<h3 class=\"wp-block-heading\">\ud83c\udf99\ufe0f <em>El coordinador libertario apunt\u00f3 contra la gesti\u00f3n local y prometi\u00f3 \u201caliviar al contribuyente\u201d si accede al Concejo Deliberante<\/em><\/h3>\n\n\n\n<p>En di\u00e1logo con el programa radial <em>Aqu\u00ed no ha pasado nada<\/em>, emitido por <strong>FM Manantial<\/strong> y producido por <strong>Zona Norte Diario Online<\/strong>, <strong>Kevin Buj<\/strong>, flamante coordinador de <em>La Libertad Avanza<\/em> (LLA) en <strong>San Fernando<\/strong>, se mostr\u00f3 confiado de cara al a\u00f1o electoral. <em>\u201cEs muy probable que encabece la lista de concejales\u201d<\/em>, anticip\u00f3, y critic\u00f3 duramente al gobierno municipal por lo que considera una <strong>excesiva presi\u00f3n tributaria<\/strong> sobre vecinos y comerciantes.<\/p>\n\n\n\n<hr class=\"wp-block-separator has-alpha-channel-opacity\"\/>\n\n\n\n<h3 class=\"wp-block-heading\">\ud83d\udea9 <strong>Un \u201ccambio natural\u201d dentro del armado libertario<\/strong><\/h3>\n\n\n\n<p>Consultado sobre su reciente designaci\u00f3n, Buj afirm\u00f3 que asumi\u00f3 el rol con <em>\u201cmucha tranquilidad\u201d<\/em>, ya que forma parte del espacio desde sus inicios.<br>\ud83d\udcac <em>\u201cVengo trabajando desde 2022, cuando Javier Milei anunci\u00f3 su candidatura. Esto es un paso l\u00f3gico dentro del equipo local\u201d<\/em>.<\/p>\n\n\n\n<p>Adem\u00e1s, remarc\u00f3 que el recambio fue acordado internamente y que mantiene una buena relaci\u00f3n con el anterior coordinador.<br>\ud83d\udcac <em>\u201cA veces tienen que cambiar los roles, como en cualquier organizaci\u00f3n. Seguimos trabajando juntos\u201d<\/em>.<\/p>\n\n\n\n<hr class=\"wp-block-separator has-alpha-channel-opacity\"\/>\n\n\n\n<h3 class=\"wp-block-heading\">\ud83d\udcc9 <strong>Cr\u00edticas a la gesti\u00f3n Andreotti: \u201cSe desconectaron de la realidad\u201d<\/strong><\/h3>\n\n\n\n<p>En un tono cr\u00edtico, Buj cuestion\u00f3 la <strong>continuidad del oficialismo local<\/strong>, liderado por la familia Andreotti. Aunque reconoci\u00f3 que <em>\u201clos primeros a\u00f1os fueron buenos\u201d<\/em>, asegur\u00f3 que, con el paso del tiempo, la dirigencia se <em>\u201caburgues\u00f3\u201d<\/em> y <em>\u201cperdi\u00f3 contacto con la calle\u201d<\/em>.<\/p>\n\n\n\n<p>Uno de sus principales cuestionamientos fue hacia el <strong>valor del ABL<\/strong>, al que calific\u00f3 como <em>\u201cuno de los m\u00e1s caros de la provincia\u201d<\/em>:<\/p>\n\n\n\n<p>\ud83d\udcac <em>\u201cHay vecinos, incluso jubilados, que tienen que afrontar boletas de 80.000 pesos mensuales. Es un desprop\u00f3sito.\u201d<\/em><\/p>\n\n\n\n<p>Tambi\u00e9n critic\u00f3 el <strong>uso del ABL<\/strong> como herramienta de financiamiento de obras que \u2014seg\u00fan Buj\u2014 no le corresponden a esa tasa:<\/p>\n\n\n\n<p>\ud83d\udcac <em>\u201cEl ABL es para alumbrado, barrido y limpieza. No tiene nada que ver con polideportivos o pasos bajo nivel. Es una mentirita que se repite mucho.\u201d<\/em><\/p>\n\n\n\n<hr class=\"wp-block-separator has-alpha-channel-opacity\"\/>\n\n\n\n<h3 class=\"wp-block-heading\">\ud83d\udea8 <strong>Inseguridad, tributos y comercios en crisis<\/strong><\/h3>\n\n\n\n<p>Otro eje central de su diagn\u00f3stico fue la <strong>inseguridad creciente<\/strong> en el distrito, un tema que, seg\u00fan asegur\u00f3, <em>\u201cpreocupa cada vez m\u00e1s a los vecinos\u201d<\/em>.<\/p>\n\n\n\n<p>Adem\u00e1s, advirti\u00f3 sobre el ahogo fiscal que enfrentan los peque\u00f1os comerciantes:<\/p>\n\n\n\n<p>\ud83d\udcac <em>\u201cMuchos no pueden sostener sus negocios. Est\u00e1n agobiados por tasas e impuestos. Hay que frenar esa sangr\u00eda.\u201d<\/em><\/p>\n\n\n\n<hr class=\"wp-block-separator has-alpha-channel-opacity\"\/>\n\n\n\n<h3 class=\"wp-block-heading\">\ud83e\uddfe <strong>\u00bfQu\u00e9 har\u00eda LLA si llega al Concejo?<\/strong><\/h3>\n\n\n\n<p>Buj fue claro: si llega al Concejo Deliberante, su objetivo principal ser\u00e1 <strong>revisar la estructura tributaria local<\/strong>.<br>\ud83d\udcac <em>\u201cSan Fernando recauda m\u00e1s de lo que necesita. Ya es momento de pensar en el vecino, no en la caja del municipio.\u201d<\/em><\/p>\n\n\n\n<p>Tambi\u00e9n aclar\u00f3 que <strong>no est\u00e1n en contra de los polideportivos<\/strong>, pero s\u00ed creen necesario \u201crevisar el gasto p\u00fablico\u201d:<\/p>\n\n\n\n<p>\ud83d\udcac <em>\u201cNo vamos a eliminar nada. Pero s\u00ed se puede ajustar en \u00e1reas como publicidad o ciertas obras que hoy no son prioritarias.\u201d<\/em><\/p>\n\n\n\n<hr class=\"wp-block-separator has-alpha-channel-opacity\"\/>\n\n\n\n<h3 class=\"wp-block-heading\">\ud83e\udd1d <strong>Posibles alianzas con el PRO y mirada hacia las elecciones<\/strong><\/h3>\n\n\n\n<p>Al ser consultado sobre el escenario pol\u00edtico de cara a las elecciones, Buj no descart\u00f3 una <strong>alianza con sectores del PRO local<\/strong>, con los que mantiene di\u00e1logo fluido:<\/p>\n\n\n\n<p>\ud83d\udcac <em>\u201cIdeol\u00f3gicamente estamos cerca. Ojal\u00e1 podamos confluir en la provincia. Lo importante es sumar a todos los que quieran defender la libertad.\u201d<\/em><\/p>\n\n\n\n<hr class=\"wp-block-separator has-alpha-channel-opacity\"\/>\n\n\n\n<h3 class=\"wp-block-heading\">\ud83e\udded <strong>Un proyecto personal sin contradicciones<\/strong><\/h3>\n\n\n\n<p>En el cierre de la entrevista, Buj se mostr\u00f3 convencido de su vocaci\u00f3n pol\u00edtica y ratific\u00f3 su deseo de encabezar la lista de concejales:<\/p>\n\n\n\n<p>\ud83d\udcac <em>\u201cEs muy probable que encabece. Quiero llevar las ideas de la libertad al Concejo Deliberante.\u201d<\/em><\/p>\n\n\n\n<p>Con un mensaje claro y directo, concluy\u00f3:<br>\ud83d\udcac <em>\u201cNo vine a la pol\u00edtica a acomodarme, vine a defender ideas. Todos los d\u00edas me levanto con la tranquilidad de estar haciendo lo correcto.\u201d<\/em><\/p>\n","protected":false},"excerpt":{"rendered":"<p>\ud83c\udf99\ufe0f El coordinador libertario apunt\u00f3 contra la gesti\u00f3n local y prometi\u00f3 \u201caliviar al contribuyente\u201d si accede al Concejo Deliberante En di\u00e1logo con el programa radial Aqu\u00ed no ha pasado nada, emitido por FM Manantial y producido por Zona Norte Diario Online, Kevin Buj, flamante coordinador de La Libertad Avanza (LLA) en San Fernando, se mostr\u00f3 [&hellip;]<\/p>\n","protected":false},"author":3,"featured_media":5450,"comment_status":"open","ping_status":"open","sticky":false,"template":"","format":"standard","meta":{"footnotes":""},"categories":[21],"tags":[],"class_list":{"0":"post-5449","1":"post","2":"type-post","3":"status-publish","4":"format-standard","5":"has-post-thumbnail","7":"category-municipio"},"_links":{"self":[{"href":"https:\/\/provinciadigital.com.ar\/index.php?rest_route=\/wp\/v2\/posts\/5449","targetHints":{"allow":["GET"]}}],"collection":[{"href":"https:\/\/provinciadigital.com.ar\/index.php?rest_route=\/wp\/v2\/posts"}],"about":[{"href":"https:\/\/provinciadigital.com.ar\/index.php?rest_route=\/wp\/v2\/types\/post"}],"author":[{"embeddable":true,"href":"https:\/\/provinciadigital.com.ar\/index.php?rest_route=\/wp\/v2\/users\/3"}],"replies":[{"embeddable":true,"href":"https:\/\/provinciadigital.com.ar\/index.php?rest_route=%2Fwp%2Fv2%2Fcomments&post=5449"}],"version-history":[{"count":1,"href":"https:\/\/provinciadigital.com.ar\/index.php?rest_route=\/wp\/v2\/posts\/5449\/revisions"}],"predecessor-version":[{"id":5451,"href":"https:\/\/provinciadigital.com.ar\/index.php?rest_route=\/wp\/v2\/posts\/5449\/revisions\/5451"}],"wp:featuredmedia":[{"embeddable":true,"href":"https:\/\/provinciadigital.com.ar\/index.php?rest_route=\/wp\/v2\/media\/5450"}],"wp:attachment":[{"href":"https:\/\/provinciadigital.com.ar\/index.php?rest_route=%2Fwp%2Fv2%2Fmedia&parent=5449"}],"wp:term":[{"taxonomy":"category","embeddable":true,"href":"https:\/\/provinciadigital.com.ar\/index.php?rest_route=%2Fwp%2Fv2%2Fcategories&post=5449"},{"taxonomy":"post_tag","embeddable":true,"href":"https:\/\/provinciadigital.com.ar\/index.php?rest_route=%2Fwp%2Fv2%2Ftags&post=5449"}],"curies":[{"name":"wp","href":"https:\/\/api.w.org\/{rel}","templated":true}]}}