{"id":5452,"date":"2025-04-17T17:43:59","date_gmt":"2025-04-17T17:43:59","guid":{"rendered":"https:\/\/provinciadigital.com.ar\/?p=5452"},"modified":"2025-04-17T17:44:00","modified_gmt":"2025-04-17T17:44:00","slug":"macri-en-campana-con-lospennato-milei-se-tiene-que-dejar-acompanar","status":"publish","type":"post","link":"https:\/\/provinciadigital.com.ar\/?p=5452","title":{"rendered":"Macri en campa\u00f1a con Lospennato: \u201cMilei se tiene que dejar acompa\u00f1ar\u201d"},"content":{"rendered":"\n<h2 class=\"wp-block-heading\"><\/h2>\n\n\n\n<p><strong>El expresidente recorri\u00f3 Villa Pueyrred\u00f3n junto a la candidata a legisladora porte\u00f1a del PRO y critic\u00f3 de forma sutil al presidente Javier Milei. Tambi\u00e9n habl\u00f3 sobre la ca\u00edda en las ventas y los aumentos de precios.<\/strong><\/p>\n\n\n\n<p>En plena campa\u00f1a legislativa porte\u00f1a, Mauricio Macri volvi\u00f3 a salir a la calle. Esta vez, lo hizo en Villa Pueyrred\u00f3n acompa\u00f1ado por Silvia Lospennato, quien se postula como legisladora por la Ciudad de Buenos Aires. El expresidente aprovech\u00f3 la caminata para lanzar una frase que no pas\u00f3 desapercibida: <em>\u201cLo estoy intentando, pero se tiene que dejar acompa\u00f1ar\u201d<\/em>, dijo en referencia al presidente Javier Milei.<\/p>\n\n\n\n<p>La respuesta surgi\u00f3 ante el pedido de una panadera que lo inst\u00f3 a \u201cacompa\u00f1ar\u201d al libertario. Macri no esquiv\u00f3 el tema: reconoci\u00f3 que busca hacerlo, pero dej\u00f3 entrever que hay una falta de apertura del Gobierno a ese respaldo.<\/p>\n\n\n\n<h3 class=\"wp-block-heading\">Reclamos desde los comercios<\/h3>\n\n\n\n<p>Durante el recorrido, el expresidente dialog\u00f3 con comerciantes que se quejaron por la baja en las ventas y los aumentos de precios. \u201cLas ventas est\u00e1n muy tranquilas\u201d, lament\u00f3 la due\u00f1a de una panader\u00eda. Macri, sorprendido por los precios, exclam\u00f3: <em>\u201cMe jod\u00e9s, no se puede creer. \u00bfC\u00f3mo puede ser? La gente se vuelve loca, no puede aumentar todo por apenas una suba del 10% del d\u00f3lar por las dudas\u201d<\/em>.<\/p>\n\n\n\n<p>Lospennato sum\u00f3 su preocupaci\u00f3n: <em>\u201cEs una cosa incre\u00edble lo que aumentaron los huevos\u201d<\/em>, coment\u00f3.<\/p>\n\n\n\n<p>En un local de lencer\u00eda, el clima cambi\u00f3. All\u00ed, el comerciante defendi\u00f3 la situaci\u00f3n actual y afirm\u00f3 que su negocio funciona. Aunque reconoci\u00f3 que hay dificultades, asegur\u00f3: <em>\u201cEl pa\u00eds est\u00e1 bien, pero hay que acostumbrarse a vivir sin inflaci\u00f3n\u201d<\/em>.<\/p>\n\n\n\n<h3 class=\"wp-block-heading\">PRO en modo campa\u00f1a<\/h3>\n\n\n\n<p>La caminata tambi\u00e9n marca un nuevo cap\u00edtulo en la interna pol\u00edtica entre el PRO y La Libertad Avanza. Lospennato competir\u00e1 contra Manuel Adorni, actual vocero presidencial y el elegido por Milei para representar al oficialismo en la Legislatura porte\u00f1a.<\/p>\n\n\n\n<p>El titular del PRO busca consolidar su partido frente al avance libertario, al tiempo que deja en claro que el apoyo al Gobierno nacional no es incondicional.<\/p>\n\n\n\n<h3 class=\"wp-block-heading\">Acusaciones por vandalismo en la Ciudad<\/h3>\n\n\n\n<p>En paralelo, la vocera del gobierno porte\u00f1o, Laura Alonso, denunci\u00f3 un hecho llamativo: seg\u00fan dijo, dos personas \u201cque parec\u00edan ser de la Secretar\u00eda de Trabajo\u201d vandalizaron un contenedor de basura en lo que ser\u00eda un intento de perjudicar la imagen del jefe de Gobierno, Jorge Macri. La acusaci\u00f3n ya gener\u00f3 una denuncia judicial, y una persona fue detenida en Caballito.<\/p>\n\n\n\n<p>Alonso asegur\u00f3: <em>\u201cHay personas que son enviadas a reventar los contenedores y dispersar la basura\u201d<\/em>. Aclar\u00f3 adem\u00e1s que estos actos <em>\u201cno tienen que ver con la vida diaria de las personas que revuelven la basura para sobrevivir\u201d<\/em>, diferenciando entre la necesidad y el vandalismo.<\/p>\n","protected":false},"excerpt":{"rendered":"<p>El expresidente recorri\u00f3 Villa Pueyrred\u00f3n junto a la candidata a legisladora porte\u00f1a del PRO y critic\u00f3 de forma sutil al presidente Javier Milei. Tambi\u00e9n habl\u00f3 sobre la ca\u00edda en las ventas y los aumentos de precios. En plena campa\u00f1a legislativa porte\u00f1a, Mauricio Macri volvi\u00f3 a salir a la calle. Esta vez, lo hizo en Villa [&hellip;]<\/p>\n","protected":false},"author":3,"featured_media":5453,"comment_status":"open","ping_status":"open","sticky":false,"template":"","format":"standard","meta":{"footnotes":""},"categories":[129],"tags":[],"class_list":{"0":"post-5452","1":"post","2":"type-post","3":"status-publish","4":"format-standard","5":"has-post-thumbnail","7":"category-nacionales"},"_links":{"self":[{"href":"https:\/\/provinciadigital.com.ar\/index.php?rest_route=\/wp\/v2\/posts\/5452","targetHints":{"allow":["GET"]}}],"collection":[{"href":"https:\/\/provinciadigital.com.ar\/index.php?rest_route=\/wp\/v2\/posts"}],"about":[{"href":"https:\/\/provinciadigital.com.ar\/index.php?rest_route=\/wp\/v2\/types\/post"}],"author":[{"embeddable":true,"href":"https:\/\/provinciadigital.com.ar\/index.php?rest_route=\/wp\/v2\/users\/3"}],"replies":[{"embeddable":true,"href":"https:\/\/provinciadigital.com.ar\/index.php?rest_route=%2Fwp%2Fv2%2Fcomments&post=5452"}],"version-history":[{"count":1,"href":"https:\/\/provinciadigital.com.ar\/index.php?rest_route=\/wp\/v2\/posts\/5452\/revisions"}],"predecessor-version":[{"id":5454,"href":"https:\/\/provinciadigital.com.ar\/index.php?rest_route=\/wp\/v2\/posts\/5452\/revisions\/5454"}],"wp:featuredmedia":[{"embeddable":true,"href":"https:\/\/provinciadigital.com.ar\/index.php?rest_route=\/wp\/v2\/media\/5453"}],"wp:attachment":[{"href":"https:\/\/provinciadigital.com.ar\/index.php?rest_route=%2Fwp%2Fv2%2Fmedia&parent=5452"}],"wp:term":[{"taxonomy":"category","embeddable":true,"href":"https:\/\/provinciadigital.com.ar\/index.php?rest_route=%2Fwp%2Fv2%2Fcategories&post=5452"},{"taxonomy":"post_tag","embeddable":true,"href":"https:\/\/provinciadigital.com.ar\/index.php?rest_route=%2Fwp%2Fv2%2Ftags&post=5452"}],"curies":[{"name":"wp","href":"https:\/\/api.w.org\/{rel}","templated":true}]}}