{"id":5458,"date":"2025-04-17T18:00:04","date_gmt":"2025-04-17T18:00:04","guid":{"rendered":"https:\/\/provinciadigital.com.ar\/?p=5458"},"modified":"2025-04-17T18:00:06","modified_gmt":"2025-04-17T18:00:06","slug":"el-silencio-de-los-poderosos-los-medios-de-difusion-masivos-ocultan-las-historias-que-prefieren-no-dar-a-conocer","status":"publish","type":"post","link":"https:\/\/provinciadigital.com.ar\/?p=5458","title":{"rendered":"El silencio de los poderosos: Los medios de difusi\u00f3n masivos ocultan las historias que prefieren no dar a conocer"},"content":{"rendered":"\n<p>En la jornada del mi\u00e9rcoles, durante una nueva movilizaci\u00f3n de jubilados frente al Congreso Nacional, el diputado Alejandro Vilca (PTS-Frente de Izquierda) fue v\u00edctima de una violenta represi\u00f3n por parte de las fuerzas de seguridad. El ataque con gases lacrim\u00f3genos le provoc\u00f3 lesiones oculares que requirieron atenci\u00f3n m\u00e9dica y observaci\u00f3n cl\u00ednica.<\/p>\n\n\n\n<p>El hecho, de una gravedad institucional evidente, fue ampliamente cubierto por numerosos medios nacionales y provinciales. Sin embargo, el diario <em>Clar\u00edn<\/em> opt\u00f3 por no informar sobre el episodio. En un contexto de creciente tensi\u00f3n social y protestas frente a las pol\u00edticas de ajuste del Gobierno nacional, la omisi\u00f3n no pas\u00f3 desapercibida.<\/p>\n\n\n\n<p>Este silencio llama la atenci\u00f3n no s\u00f3lo por tratarse de una agresi\u00f3n a un legislador nacional, sino porque refuerza la percepci\u00f3n de una l\u00ednea editorial que, m\u00e1s all\u00e1 de matices, parece decidida a no incomodar al oficialismo. La represi\u00f3n, como herramienta para contener el malestar social, no deber\u00eda naturalizarse ni pasar inadvertida.<\/p>\n\n\n\n<p>El rol de los medios de comunicaci\u00f3n en momentos cr\u00edticos es fundamental. Informar no es solo un acto t\u00e9cnico, es tambi\u00e9n un posicionamiento \u00e9tico. Y callar ante la violencia institucional no es neutralidad: es complicidad.<\/p>\n","protected":false},"excerpt":{"rendered":"<p>En la jornada del mi\u00e9rcoles, durante una nueva movilizaci\u00f3n de jubilados frente al Congreso Nacional, el diputado Alejandro Vilca (PTS-Frente de Izquierda) fue v\u00edctima de una violenta represi\u00f3n por parte de las fuerzas de seguridad. El ataque con gases lacrim\u00f3genos le provoc\u00f3 lesiones oculares que requirieron atenci\u00f3n m\u00e9dica y observaci\u00f3n cl\u00ednica. El hecho, de una [&hellip;]<\/p>\n","protected":false},"author":3,"featured_media":5459,"comment_status":"open","ping_status":"open","sticky":false,"template":"","format":"standard","meta":{"footnotes":""},"categories":[129],"tags":[],"class_list":{"0":"post-5458","1":"post","2":"type-post","3":"status-publish","4":"format-standard","5":"has-post-thumbnail","7":"category-nacionales"},"_links":{"self":[{"href":"https:\/\/provinciadigital.com.ar\/index.php?rest_route=\/wp\/v2\/posts\/5458","targetHints":{"allow":["GET"]}}],"collection":[{"href":"https:\/\/provinciadigital.com.ar\/index.php?rest_route=\/wp\/v2\/posts"}],"about":[{"href":"https:\/\/provinciadigital.com.ar\/index.php?rest_route=\/wp\/v2\/types\/post"}],"author":[{"embeddable":true,"href":"https:\/\/provinciadigital.com.ar\/index.php?rest_route=\/wp\/v2\/users\/3"}],"replies":[{"embeddable":true,"href":"https:\/\/provinciadigital.com.ar\/index.php?rest_route=%2Fwp%2Fv2%2Fcomments&post=5458"}],"version-history":[{"count":1,"href":"https:\/\/provinciadigital.com.ar\/index.php?rest_route=\/wp\/v2\/posts\/5458\/revisions"}],"predecessor-version":[{"id":5460,"href":"https:\/\/provinciadigital.com.ar\/index.php?rest_route=\/wp\/v2\/posts\/5458\/revisions\/5460"}],"wp:featuredmedia":[{"embeddable":true,"href":"https:\/\/provinciadigital.com.ar\/index.php?rest_route=\/wp\/v2\/media\/5459"}],"wp:attachment":[{"href":"https:\/\/provinciadigital.com.ar\/index.php?rest_route=%2Fwp%2Fv2%2Fmedia&parent=5458"}],"wp:term":[{"taxonomy":"category","embeddable":true,"href":"https:\/\/provinciadigital.com.ar\/index.php?rest_route=%2Fwp%2Fv2%2Fcategories&post=5458"},{"taxonomy":"post_tag","embeddable":true,"href":"https:\/\/provinciadigital.com.ar\/index.php?rest_route=%2Fwp%2Fv2%2Ftags&post=5458"}],"curies":[{"name":"wp","href":"https:\/\/api.w.org\/{rel}","templated":true}]}}