{"id":546,"date":"2018-03-27T10:02:27","date_gmt":"2018-03-27T10:02:27","guid":{"rendered":"http:\/\/provinciadigital.com.ar\/?p=546"},"modified":"2018-03-27T10:02:27","modified_gmt":"2018-03-27T10:02:27","slug":"algo-tenemos-que-hacer-nada-cambiara-si-no-hacemos-nada","status":"publish","type":"post","link":"https:\/\/provinciadigital.com.ar\/?p=546","title":{"rendered":"ALGO TENEMOS QUE HACER, NADA CAMBIAR\u00c1 SI NO HACEMOS NADA&#8230;"},"content":{"rendered":"<p>Desde hace tiempo hemos comenzado a naturalizar algunas cuestiones que no son normales, a cada cosa le encontramos una d\u00e9bil justificaci\u00f3n, pero en definitiva s\u00f3lo sirve para poder eludir una responsabilidad o un deber que tenemos en la sociedad. As\u00ed poco a poco vamos anarquizando el pa\u00eds y nada funciona, ni la justicia, ni la educaci\u00f3n, ni la polic\u00eda, nada.<\/p>\n<p>Es ah\u00ed, cuando nada funciona, que reaccionamos y pedimos soluciones, acciones que vayan en el sentido opuesto al que hemos caminado por a\u00f1os. Permitimos miles y miles de paros de docentes para reclamar salarios dignos, causa justa si las hay, pero no vemos que esto ha deteriorado la educaci\u00f3n de nuestros hijos hasta niveles inimaginables, o justificamos la delincuencia por la pobreza y la marginaci\u00f3n algo que ha llevado la inseguridad a un nivel insoportable para toda la sociedad.<\/p>\n<p>Ni hablar de la hipocres\u00eda de pedir polic\u00edas honestos y pagarles coimas o de querer que no roben autos y comprar repuestos robados o cosas que nos horrorizan cuando las vemos, pero nosotros somos parte del problema y no de la soluci\u00f3n.<\/p>\n<p>Hoy quer\u00eda plantear el tema de la evaluaci\u00f3n educativa, algo que casi sin argumentos o con excusas muy d\u00e9biles intentan desacreditar. \u00bfC\u00f3mo podr\u00eda el estado fijar pol\u00edticas educativas para mejorar si no sabe el nivel de los alumnos? O no conoce muchas de sus problem\u00e1ticas.<\/p>\n<p>Nos hemos acostumbrado a quejarnos de todo, por las dudas, y muchas veces no nos damos cuenta que esa actitud nos perjudica, hemos perdido la capacidad de creer que algunas acciones aunque nos incomoden son en realidad la soluci\u00f3n a nuestros problemas, claramente la evaluaci\u00f3n correcta de un problema nos puede aportar mejores herramientas para ir en busca de soluciones.<\/p>\n<p>Seguramente no sea la mejor evaluaci\u00f3n, pero es una, si el gobierno luego mal usa esa informaci\u00f3n podr\u00edamos all\u00ed plantearlo y m\u00e1s a\u00fan, si no genera pol\u00edticas para mejorar la educaci\u00f3n tendremos las urnas para castigarlos, pero a todas luces frenar la posibilidad de cambio es cuanto menos una torpeza de la sociedad, que cree que tiene un problema y pretende que se arregle solo y sin cambiar nada.<\/p>\n<p>Algo tenemos que hacer, nada cambiar\u00e1 si no hacemos nada\u2026<\/p>\n<p>&nbsp;<\/p>\n<p>Adri\u00e1n Zolezzi<\/p>\n<p>Director<\/p>\n","protected":false},"excerpt":{"rendered":"<p>Desde hace tiempo hemos comenzado a naturalizar algunas cuestiones que no son normales, a cada cosa le encontramos una d\u00e9bil justificaci\u00f3n, pero en definitiva s\u00f3lo sirve para poder eludir una responsabilidad o un deber que tenemos en la sociedad. As\u00ed poco a poco vamos anarquizando el pa\u00eds y nada funciona, ni la justicia, ni la [&hellip;]<\/p>\n","protected":false},"author":1,"featured_media":547,"comment_status":"open","ping_status":"open","sticky":false,"template":"","format":"standard","meta":{"footnotes":""},"categories":[15],"tags":[],"class_list":{"0":"post-546","1":"post","2":"type-post","3":"status-publish","4":"format-standard","5":"has-post-thumbnail","7":"category-pacheco-digital"},"_links":{"self":[{"href":"https:\/\/provinciadigital.com.ar\/index.php?rest_route=\/wp\/v2\/posts\/546","targetHints":{"allow":["GET"]}}],"collection":[{"href":"https:\/\/provinciadigital.com.ar\/index.php?rest_route=\/wp\/v2\/posts"}],"about":[{"href":"https:\/\/provinciadigital.com.ar\/index.php?rest_route=\/wp\/v2\/types\/post"}],"author":[{"embeddable":true,"href":"https:\/\/provinciadigital.com.ar\/index.php?rest_route=\/wp\/v2\/users\/1"}],"replies":[{"embeddable":true,"href":"https:\/\/provinciadigital.com.ar\/index.php?rest_route=%2Fwp%2Fv2%2Fcomments&post=546"}],"version-history":[{"count":1,"href":"https:\/\/provinciadigital.com.ar\/index.php?rest_route=\/wp\/v2\/posts\/546\/revisions"}],"predecessor-version":[{"id":548,"href":"https:\/\/provinciadigital.com.ar\/index.php?rest_route=\/wp\/v2\/posts\/546\/revisions\/548"}],"wp:featuredmedia":[{"embeddable":true,"href":"https:\/\/provinciadigital.com.ar\/index.php?rest_route=\/wp\/v2\/media\/547"}],"wp:attachment":[{"href":"https:\/\/provinciadigital.com.ar\/index.php?rest_route=%2Fwp%2Fv2%2Fmedia&parent=546"}],"wp:term":[{"taxonomy":"category","embeddable":true,"href":"https:\/\/provinciadigital.com.ar\/index.php?rest_route=%2Fwp%2Fv2%2Fcategories&post=546"},{"taxonomy":"post_tag","embeddable":true,"href":"https:\/\/provinciadigital.com.ar\/index.php?rest_route=%2Fwp%2Fv2%2Ftags&post=546"}],"curies":[{"name":"wp","href":"https:\/\/api.w.org\/{rel}","templated":true}]}}