{"id":5461,"date":"2025-04-22T18:34:46","date_gmt":"2025-04-22T18:34:46","guid":{"rendered":"https:\/\/provinciadigital.com.ar\/?p=5461"},"modified":"2025-04-22T18:34:47","modified_gmt":"2025-04-22T18:34:47","slug":"segundo-cernadas-lanza-criticas-contundentes-contra-la-administracion-de-tigre-la-ciudad-crece-pero-la-gestion-permanece-indolente","status":"publish","type":"post","link":"https:\/\/provinciadigital.com.ar\/?p=5461","title":{"rendered":"Segundo Cernadas Lanza Cr\u00edticas Contundentes Contra la Administraci\u00f3n de Tigre: &#8220;La Ciudad Crece, Pero la Gesti\u00f3n Permanece Indolente&#8221;"},"content":{"rendered":"\n<p><\/p>\n\n\n\n<p>El reconocido referente pol\u00edtico Segundo Cernadas ha elevado su voz para expresar una profunda preocupaci\u00f3n por el rumbo de la gesti\u00f3n municipal en Tigre. En declaraciones recientes, Cernadas no escatim\u00f3 cr\u00edticas hacia las prioridades establecidas por la administraci\u00f3n local, se\u00f1alando una desconexi\u00f3n entre el dinamismo de la ciudad y la aparente inacci\u00f3n del gobierno municipal.<\/p>\n\n\n\n<p><strong>Cuestionamiento a las Prioridades de Inversi\u00f3n: Un Hospital Gigantesco sin Plan de Sustentabilidad<\/strong><\/p>\n\n\n\n<p>Uno de los puntos centrales del cuestionamiento de Segundo Cernadas se focaliz\u00f3 en el destino de los fondos p\u00fablicos. Con un tono en\u00e9rgico, el dirigente expres\u00f3 su perplejidad ante la considerable inversi\u00f3n destinada a la construcci\u00f3n de un hospital de dimensiones imponentes, alcanzando los 25.000 metros cuadrados. La cr\u00edtica no se centr\u00f3 en la necesidad de infraestructura de salud, sino en la falta de claridad respecto al presupuesto para equipar esta megaestructura y, a\u00fan m\u00e1s crucial, sobre la estrategia para garantizar su funcionamiento y mantenimiento a largo plazo. En contraposici\u00f3n a este dispendio, Cernadas propuso una alternativa que considera m\u00e1s sensata y eficiente: &#8220;Si esa plata la us\u00e1ramos para reorganizar el actual sistema de salud municipal, podr\u00edamos dar una respuesta efectiva a la mayor\u00eda de las demandas existentes&#8221;. Esta propuesta subraya la visi\u00f3n de Cernadas de optimizar los recursos existentes en lugar de incurrir en gastos fara\u00f3nicos sin una planificaci\u00f3n integral.<\/p>\n\n\n\n<p><strong>Eficiencia Versus Gasto Excesivo: Un Llamado a Reorientar los Recursos Municipales<\/strong><\/p>\n\n\n\n<p>En su an\u00e1lisis, Segundo Cernadas enfatiz\u00f3 que la clave no reside en aumentar indiscriminadamente el gasto p\u00fablico, sino en implementar una gesti\u00f3n m\u00e1s inteligente y eficiente de los recursos disponibles. En este sentido, apunt\u00f3 directamente hacia la inversi\u00f3n en la construcci\u00f3n de dos nuevos teatros, cuestionando la pertinencia de esta prioridad en el contexto actual de la ciudad. Con una mirada sensible a las problem\u00e1ticas sociales apremiantes, Cernadas plante\u00f3 una pregunta directa y punzante: &#8220;\u00bfNo ser\u00eda m\u00e1s l\u00f3gico poner el foco en c\u00f3mo ayudar a las familias que sufren el flagelo de las adicciones, que crecen sin parar en nuestro distrito? Hay que tender una mano a esas madres que luchan contra esta dura realidad&#8221;. Este planteamiento revela una preocupaci\u00f3n por las necesidades b\u00e1sicas y urgentes de la comunidad, contrastando con lo que percibe como una inversi\u00f3n en proyectos culturales de menor prioridad.<\/p>\n\n\n\n<p><strong>Crecimiento Descontrolado y Falta de Planificaci\u00f3n Urbana: Un Tigre que Avanza sin Rumbo<\/strong><\/p>\n\n\n\n<p>La expansi\u00f3n urbana de Tigre, un fen\u00f3meno innegable en los \u00faltimos a\u00f1os, tambi\u00e9n fue objeto de las cr\u00edticas de Segundo Cernadas. El dirigente advirti\u00f3 sobre las consecuencias de un crecimiento sin una planificaci\u00f3n adecuada, se\u00f1alando la necesidad de priorizar obras de infraestructura que acompa\u00f1en esta expansi\u00f3n. Con una frase concisa pero elocuente, resumi\u00f3 su preocupaci\u00f3n: &#8220;Antes de construir teatros, deber\u00edamos invertir en obras de infraestructura que acompa\u00f1en el crecimiento. Tigre no para de crecer y el Municipio sigue dormido&#8221;. Esta met\u00e1fora del &#8220;municipio dormido&#8221; ilustra la percepci\u00f3n de una administraci\u00f3n rezagada ante las din\u00e1micas de la ciudad.<\/p>\n\n\n\n<p><strong>Denuncias Ignoradas y Consecuencias Tangibles: El Colapso Anunciado de la Infraestructura<\/strong><\/p>\n\n\n\n<p>Finalmente, Segundo Cernadas record\u00f3 la trayectoria de sus advertencias sobre la falta de inversi\u00f3n en infraestructura a lo largo del tiempo. Con un tono de frustraci\u00f3n, se\u00f1al\u00f3: &#8220;Hace 17 a\u00f1os que gobiernan, hace 10 que venimos denunciando la falta de infraestructura&#8221;. El dirigente vincul\u00f3 directamente esta desatenci\u00f3n hist\u00f3rica con los problemas actuales que enfrenta la ciudad, como el colapso del tr\u00e1fico. En este punto, Cernadas afirm\u00f3 tener soluciones concretas: &#8220;Lo que pasa con el tr\u00e1fico hoy, con el colapso que venimos denunciando, tiene soluci\u00f3n. Hace tiempo que presentamos distintas obras y propuestas que nunca fueron tenidas en cuenta&#8221;. Esta declaraci\u00f3n sugiere que la gesti\u00f3n actual no solo carece de visi\u00f3n, sino que tambi\u00e9n desestima alternativas viables propuestas por la oposici\u00f3n.<\/p>\n\n\n\n<p>En resumen, las cr\u00edticas de Segundo Cernadas pintan un panorama de una ciudad en constante evoluci\u00f3n, pero con una administraci\u00f3n municipal que, en su opini\u00f3n, no logra responder a las demandas de este crecimiento, priorizando proyectos cuestionables y desatendiendo necesidades fundamentales de la comunidad. Su discurso busca generar una reflexi\u00f3n profunda sobre el rumbo de Tigre y la urgencia de un cambio en las prioridades de gesti\u00f3n.<\/p>\n\n\n\n<figure class=\"wp-block-image\"><img decoding=\"async\" src=\"https:\/\/lh3.googleusercontent.com\/a\/default-user=s64-c\" alt=\"imagen de perfil\"\/><\/figure>\n","protected":false},"excerpt":{"rendered":"<p>El reconocido referente pol\u00edtico Segundo Cernadas ha elevado su voz para expresar una profunda preocupaci\u00f3n por el rumbo de la gesti\u00f3n municipal en Tigre. En declaraciones recientes, Cernadas no escatim\u00f3 cr\u00edticas hacia las prioridades establecidas por la administraci\u00f3n local, se\u00f1alando una desconexi\u00f3n entre el dinamismo de la ciudad y la aparente inacci\u00f3n del gobierno municipal. [&hellip;]<\/p>\n","protected":false},"author":3,"featured_media":5462,"comment_status":"open","ping_status":"open","sticky":false,"template":"","format":"standard","meta":{"footnotes":""},"categories":[21],"tags":[],"class_list":{"0":"post-5461","1":"post","2":"type-post","3":"status-publish","4":"format-standard","5":"has-post-thumbnail","7":"category-municipio"},"_links":{"self":[{"href":"https:\/\/provinciadigital.com.ar\/index.php?rest_route=\/wp\/v2\/posts\/5461","targetHints":{"allow":["GET"]}}],"collection":[{"href":"https:\/\/provinciadigital.com.ar\/index.php?rest_route=\/wp\/v2\/posts"}],"about":[{"href":"https:\/\/provinciadigital.com.ar\/index.php?rest_route=\/wp\/v2\/types\/post"}],"author":[{"embeddable":true,"href":"https:\/\/provinciadigital.com.ar\/index.php?rest_route=\/wp\/v2\/users\/3"}],"replies":[{"embeddable":true,"href":"https:\/\/provinciadigital.com.ar\/index.php?rest_route=%2Fwp%2Fv2%2Fcomments&post=5461"}],"version-history":[{"count":1,"href":"https:\/\/provinciadigital.com.ar\/index.php?rest_route=\/wp\/v2\/posts\/5461\/revisions"}],"predecessor-version":[{"id":5463,"href":"https:\/\/provinciadigital.com.ar\/index.php?rest_route=\/wp\/v2\/posts\/5461\/revisions\/5463"}],"wp:featuredmedia":[{"embeddable":true,"href":"https:\/\/provinciadigital.com.ar\/index.php?rest_route=\/wp\/v2\/media\/5462"}],"wp:attachment":[{"href":"https:\/\/provinciadigital.com.ar\/index.php?rest_route=%2Fwp%2Fv2%2Fmedia&parent=5461"}],"wp:term":[{"taxonomy":"category","embeddable":true,"href":"https:\/\/provinciadigital.com.ar\/index.php?rest_route=%2Fwp%2Fv2%2Fcategories&post=5461"},{"taxonomy":"post_tag","embeddable":true,"href":"https:\/\/provinciadigital.com.ar\/index.php?rest_route=%2Fwp%2Fv2%2Ftags&post=5461"}],"curies":[{"name":"wp","href":"https:\/\/api.w.org\/{rel}","templated":true}]}}