{"id":5464,"date":"2025-04-22T18:36:50","date_gmt":"2025-04-22T18:36:50","guid":{"rendered":"https:\/\/provinciadigital.com.ar\/?p=5464"},"modified":"2025-04-22T18:36:50","modified_gmt":"2025-04-22T18:36:50","slug":"flores-en-duelo-el-adios-a-francisco-en-la-basilica-donde-nacio-su-vocacion","status":"publish","type":"post","link":"https:\/\/provinciadigital.com.ar\/?p=5464","title":{"rendered":"Flores en Duelo: El Adi\u00f3s a Francisco en la Bas\u00edlica Donde Naci\u00f3 su Vocaci\u00f3n"},"content":{"rendered":"\n<p><\/p>\n\n\n\n<p>La Bas\u00edlica de San Jos\u00e9 de Flores, un santuario de fe y memoria en el coraz\u00f3n de Buenos Aires, se ha convertido en un epicentro de peregrinaci\u00f3n y duelo tras la partida del Papa Francisco. Entre sus muros, las im\u00e1genes del pont\u00edfice se entrelazan con las l\u00e1grimas y oraciones de fieles que acuden a despedir a su &#8220;padre&#8221;. Velas encendidas iluminan los rostros afligidos, mientras las melod\u00edas sacras resuenan en el aire, un eco de la voz que ya no est\u00e1.<\/p>\n\n\n\n<p><strong>Un Barrio en Conmoci\u00f3n: El Legado de &#8220;Jorge&#8221; en Cada Rinc\u00f3n de Flores<\/strong><\/p>\n\n\n\n<p>Flores, el barrio que vio crecer a Jorge Mario Bergoglio, se ha sumido en un silencio reverente. La conmoci\u00f3n se siente en cada calle, en cada esquina, donde los recuerdos del vecino humilde y cercano se entrelazan con la figura del l\u00edder espiritual que trascendi\u00f3 fronteras. Desde el anuncio de su fallecimiento, miles de personas han inundado la Bas\u00edlica, buscando consuelo y un \u00faltimo contacto con el hombre que les devolvi\u00f3 la esperanza.<\/p>\n\n\n\n<p><strong>Un Manto de Dolor y Esperanza: Voces de Fieles de Todo el Mundo<\/strong><\/p>\n\n\n\n<p>La Bas\u00edlica se ha convertido en un crisol de culturas y emociones. Periodistas y devotos de todo el mundo convergen en este lugar sagrado, buscando comprender el impacto de Francisco en sus vidas. Cristina, una periodista colombiana arraigada en Argentina, describe al Papa como &#8220;paz&#8221;, una figura que trascendi\u00f3 nacionalidades y uni\u00f3 corazones. Sus l\u00e1grimas reflejan el dolor de una comunidad que teme la p\u00e9rdida de un legado latinoamericano en el Vaticano.<\/p>\n\n\n\n<p>Alicia, una fiel de San Justo, comparte un sentimiento similar. La figura de Francisco le devolvi\u00f3 la fe en momentos de oscuridad, y su partida la llena de incertidumbre. &#8220;No s\u00e9 qu\u00e9 va a pasar&#8221;, repite, reflejando la ansiedad de muchos que temen un cambio en la direcci\u00f3n de la Iglesia. &#8220;Esperemos que la Iglesia no tire a la basura todo lo que construy\u00f3 Francisco. Ser\u00eda un horror si eso llegara a pasar&#8221;, suplica con la mirada puesta en el futuro.<\/p>\n\n\n\n<p><strong>Marcelo: Un Vecino que Recordar\u00e1 Siempre al Papa Cercano<\/strong><\/p>\n\n\n\n<p>Marcelo, un trabajador incansable de Flores, tuvo la fortuna de cruzarse con Jorge Bergoglio en las calles de su barrio. Sus breves conversaciones, cargadas de sabidur\u00eda y humanidad, dejaron una huella imborrable en su coraz\u00f3n. Marcelo lamenta la ausencia de Francisco en Argentina durante su pontificado, pero se consuela con la magnitud de su legado: &#8220;Igual es imposible. Porque lo que hizo es muy grande. Ya no pueden ir para atr\u00e1s&#8221;.<\/p>\n\n\n\n<p><strong>El P\u00e1rroco de Flores: Guardi\u00e1n de un Legado y un Santuario Mundial<\/strong><\/p>\n\n\n\n<p>En medio del torbellino de emociones, el p\u00e1rroco Mart\u00edn Bourdieu se erige como un guardi\u00e1n de la memoria de Francisco. Su tarea trasciende la mera custodia de un edificio religioso; es el custodio de un santuario mundial, el lugar donde el joven Jorge escuch\u00f3 la llamada de Dios. Bourdieu describe a Francisco como &#8220;un padre&#8221;, &#8220;un gu\u00eda&#8221;, pero tambi\u00e9n como un hombre de profunda humanidad, con un agudo sentido del humor y una pasi\u00f3n por el f\u00fatbol.<\/p>\n\n\n\n<p>&#8220;Era muy intuitivo, muy inteligente. Ten\u00eda mucho sentido del humor&#8221;, recuerda Bourdieu, evocando los debates futbol\u00edsticos con el fan\u00e1tico de San Lorenzo. &#8220;Yo soy de River, con lo cual, en ese sentido, siempre que debat\u00edamos sobre f\u00fatbol, mucho no pod\u00eda decir&#8221;, concluye con una sonrisa, un recuerdo agridulce de un hombre que, a pesar de su grandeza, nunca olvid\u00f3 sus ra\u00edces.<\/p>\n\n\n\n<p>La Bas\u00edlica de Flores, testigo silencioso de la partida de Francisco, se ha convertido en un s\u00edmbolo de duelo y esperanza. Sus muros resguardan las l\u00e1grimas y oraciones de un pueblo que se resiste a olvidar, que clama por la continuidad de un legado de humildad, cercan\u00eda y amor al pr\u00f3jimo.<\/p>\n","protected":false},"excerpt":{"rendered":"<p>La Bas\u00edlica de San Jos\u00e9 de Flores, un santuario de fe y memoria en el coraz\u00f3n de Buenos Aires, se ha convertido en un epicentro de peregrinaci\u00f3n y duelo tras la partida del Papa Francisco. Entre sus muros, las im\u00e1genes del pont\u00edfice se entrelazan con las l\u00e1grimas y oraciones de fieles que acuden a despedir [&hellip;]<\/p>\n","protected":false},"author":3,"featured_media":5465,"comment_status":"open","ping_status":"open","sticky":false,"template":"","format":"standard","meta":{"footnotes":""},"categories":[129],"tags":[],"class_list":{"0":"post-5464","1":"post","2":"type-post","3":"status-publish","4":"format-standard","5":"has-post-thumbnail","7":"category-nacionales"},"_links":{"self":[{"href":"https:\/\/provinciadigital.com.ar\/index.php?rest_route=\/wp\/v2\/posts\/5464","targetHints":{"allow":["GET"]}}],"collection":[{"href":"https:\/\/provinciadigital.com.ar\/index.php?rest_route=\/wp\/v2\/posts"}],"about":[{"href":"https:\/\/provinciadigital.com.ar\/index.php?rest_route=\/wp\/v2\/types\/post"}],"author":[{"embeddable":true,"href":"https:\/\/provinciadigital.com.ar\/index.php?rest_route=\/wp\/v2\/users\/3"}],"replies":[{"embeddable":true,"href":"https:\/\/provinciadigital.com.ar\/index.php?rest_route=%2Fwp%2Fv2%2Fcomments&post=5464"}],"version-history":[{"count":1,"href":"https:\/\/provinciadigital.com.ar\/index.php?rest_route=\/wp\/v2\/posts\/5464\/revisions"}],"predecessor-version":[{"id":5466,"href":"https:\/\/provinciadigital.com.ar\/index.php?rest_route=\/wp\/v2\/posts\/5464\/revisions\/5466"}],"wp:featuredmedia":[{"embeddable":true,"href":"https:\/\/provinciadigital.com.ar\/index.php?rest_route=\/wp\/v2\/media\/5465"}],"wp:attachment":[{"href":"https:\/\/provinciadigital.com.ar\/index.php?rest_route=%2Fwp%2Fv2%2Fmedia&parent=5464"}],"wp:term":[{"taxonomy":"category","embeddable":true,"href":"https:\/\/provinciadigital.com.ar\/index.php?rest_route=%2Fwp%2Fv2%2Fcategories&post=5464"},{"taxonomy":"post_tag","embeddable":true,"href":"https:\/\/provinciadigital.com.ar\/index.php?rest_route=%2Fwp%2Fv2%2Ftags&post=5464"}],"curies":[{"name":"wp","href":"https:\/\/api.w.org\/{rel}","templated":true}]}}