{"id":5467,"date":"2025-04-22T18:39:01","date_gmt":"2025-04-22T18:39:01","guid":{"rendered":"https:\/\/provinciadigital.com.ar\/?p=5467"},"modified":"2025-04-22T18:39:02","modified_gmt":"2025-04-22T18:39:02","slug":"kicillof-inaugura-la-bajada-papa-francisco-en-la-autopista-buenos-aires-la-plata-un-impulso-al-desarrollo-regional","status":"publish","type":"post","link":"https:\/\/provinciadigital.com.ar\/?p=5467","title":{"rendered":"Kicillof Inaugura la Bajada &#8220;Papa Francisco&#8221; en la Autopista Buenos Aires-La Plata: Un Impulso al Desarrollo Regional"},"content":{"rendered":"\n<p><\/p>\n\n\n\n<p>En un acto cargado de simbolismo, el gobernador de la provincia de Buenos Aires, Axel Kicillof, inaugur\u00f3 este martes la flamante bajada de la Avenida 520 en la Autopista Buenos Aires-La Plata, una obra que lleva el nombre de &#8220;Papa Francisco&#8221; en homenaje al recientemente fallecido sumo pont\u00edfice. Acompa\u00f1aron al gobernador en este significativo evento el ministro de Infraestructura y Servicios P\u00fablicos, Gabriel Katopodis; el ministro de Transporte, Mart\u00edn Marinucci; el presidente de AUBASA, Jos\u00e9 Arteaga; y el intendente local, Julio Alak.<\/p>\n\n\n\n<p><strong>Un Homenaje P\u00f3stumo y una Obra Estrat\u00e9gica para la Regi\u00f3n Capital<\/strong><\/p>\n\n\n\n<p>La elecci\u00f3n del nombre &#8220;Papa Francisco&#8221; para esta nueva conexi\u00f3n vial no solo rinde tributo a la figura del l\u00edder espiritual argentino, sino que tambi\u00e9n subraya la trascendencia de esta obra para la comunidad local y la regi\u00f3n en general. Con una inversi\u00f3n que asciende a los $13.378 millones, este desarrollo vial se erige como un componente estrat\u00e9gico para aliviar la congesti\u00f3n del tr\u00e1nsito, beneficiando a los aproximadamente 36.000 veh\u00edculos que circulan diariamente por la zona, y para robustecer el desarrollo productivo de la vasta Regi\u00f3n Capital, realzando el valor de la ciudad. Un aspecto crucial de este nuevo distribuidor es que se convertir\u00e1 en el \u00fanico nexo directo entre la autopista y la vital Ruta Provincial N\u00b02, optimizando la conectividad terrestre.<\/p>\n\n\n\n<p><strong>Kicillof Contrapone Modelos y Destaca la Colaboraci\u00f3n P\u00fablico-Privada<\/strong><\/p>\n\n\n\n<p>Durante su discurso inaugural, el gobernador Kicillof enfatiz\u00f3 la visi\u00f3n integral de esta obra p\u00fablica, proyectando su impacto m\u00e1s all\u00e1 de la mera mejora vial: \u201cEsta es una obra p\u00fablica con un enfoque integral que va a impulsar el desarrollo de muchas inversiones privadas: se radicar\u00e1n comercios, nuevos emprendimientos y se revalorizar\u00e1n las propiedades\u201d. En un contexto de debate nacional sobre el rol del Estado y el mercado, Kicillof aprovech\u00f3 la ocasi\u00f3n para marcar su postura: \u201cMientras el Gobierno nacional quiere imponer una discusi\u00f3n absolutamente falsa entre un modelo de 100% Estado o 100% mercado, esta obra es una demostraci\u00f3n de que no se trata de uno u otro, sino que son el Estado y el privado quienes construyen un pa\u00eds para todos\u201d. Esta declaraci\u00f3n subraya la importancia de la sinergia entre el sector p\u00fablico y privado para impulsar el progreso y el bienestar de la sociedad.<\/p>\n\n\n\n<p><strong>Katopodis Reafirma el Rol Imprescindible de la Inversi\u00f3n Estatal en Infraestructura<\/strong><\/p>\n\n\n\n<p>El ministro de Infraestructura y Servicios P\u00fablicos, Gabriel Katopodis, tambi\u00e9n tom\u00f3 la palabra para destacar la relevancia de esta inauguraci\u00f3n dentro de un plan integral para la provincia. \u201cEsta inauguraci\u00f3n forma parte de un plan integral para la provincia y evidencia nuestra posici\u00f3n de reivindicar el rol de la obra p\u00fablica: creemos que no hay desarrollo posible para nuestra regi\u00f3n sin un Estado que invierta en su infraestructura\u201d. Katopodis reafirm\u00f3 el compromiso de su gesti\u00f3n de continuar con una agenda de planificaci\u00f3n &#8220;inteligente y estrat\u00e9gica&#8221; para brindar respuestas concretas a las necesidades de la poblaci\u00f3n bonaerense.<\/p>\n\n\n\n<p><strong>AUBASA Resalta la Eficiencia y Competitividad de las Empresas P\u00fablicas<\/strong><\/p>\n\n\n\n<p>Por su parte, el presidente de AUBASA, Jos\u00e9 Arteaga, puso en valor la capacidad de las empresas p\u00fablicas de la provincia para llevar adelante proyectos de gran envergadura con eficiencia y competitividad. \u201cEstamos demostrando una vez m\u00e1s que las empresas p\u00fablicas de todos los bonaerenses pueden hacer grandes obras, ser eficientes, competitivas y brindar mejores servicios. Este trabajo cont\u00f3 con planeamiento estrat\u00e9gico: no fue solo una obra vial, sino un proyecto integral frente a las problem\u00e1ticas de esta zona de la ciudad\u201d. Las palabras de Arteaga resaltan la importancia de una planificaci\u00f3n estrat\u00e9gica que aborde las problem\u00e1ticas de manera integral, trascendiendo la mera construcci\u00f3n vial.<\/p>\n\n\n\n<p><strong>Convenios para Viviendas y Seguridad: Un Enfoque Hol\u00edstico en el Desarrollo Comunitario<\/strong><\/p>\n\n\n\n<p>La jornada de inauguraci\u00f3n no se limit\u00f3 a la apertura de la nueva bajada de la autopista. El gobernador Kicillof tambi\u00e9n formaliz\u00f3 convenios trascendentales para la comunidad local. Se firmaron acuerdos para la construcci\u00f3n de nuevas viviendas en el barrio El Mercadito, buscando ampliar el acceso a la vivienda digna para los habitantes de la zona. Asimismo, se rubric\u00f3 un convenio para la edificaci\u00f3n de una nueva sede policial en la regi\u00f3n, fortaleciendo la infraestructura de seguridad y buscando brindar mayor protecci\u00f3n a los ciudadanos. Estos acuerdos complementarios demuestran un enfoque hol\u00edstico del gobierno provincial en el desarrollo comunitario, abordando tanto las necesidades de conectividad e infraestructura como las de vivienda y seguridad.<\/p>\n","protected":false},"excerpt":{"rendered":"<p>En un acto cargado de simbolismo, el gobernador de la provincia de Buenos Aires, Axel Kicillof, inaugur\u00f3 este martes la flamante bajada de la Avenida 520 en la Autopista Buenos Aires-La Plata, una obra que lleva el nombre de &#8220;Papa Francisco&#8221; en homenaje al recientemente fallecido sumo pont\u00edfice. Acompa\u00f1aron al gobernador en este significativo evento [&hellip;]<\/p>\n","protected":false},"author":3,"featured_media":5468,"comment_status":"open","ping_status":"open","sticky":false,"template":"","format":"standard","meta":{"footnotes":""},"categories":[20],"tags":[],"class_list":{"0":"post-5467","1":"post","2":"type-post","3":"status-publish","4":"format-standard","5":"has-post-thumbnail","7":"category-provincia"},"_links":{"self":[{"href":"https:\/\/provinciadigital.com.ar\/index.php?rest_route=\/wp\/v2\/posts\/5467","targetHints":{"allow":["GET"]}}],"collection":[{"href":"https:\/\/provinciadigital.com.ar\/index.php?rest_route=\/wp\/v2\/posts"}],"about":[{"href":"https:\/\/provinciadigital.com.ar\/index.php?rest_route=\/wp\/v2\/types\/post"}],"author":[{"embeddable":true,"href":"https:\/\/provinciadigital.com.ar\/index.php?rest_route=\/wp\/v2\/users\/3"}],"replies":[{"embeddable":true,"href":"https:\/\/provinciadigital.com.ar\/index.php?rest_route=%2Fwp%2Fv2%2Fcomments&post=5467"}],"version-history":[{"count":1,"href":"https:\/\/provinciadigital.com.ar\/index.php?rest_route=\/wp\/v2\/posts\/5467\/revisions"}],"predecessor-version":[{"id":5469,"href":"https:\/\/provinciadigital.com.ar\/index.php?rest_route=\/wp\/v2\/posts\/5467\/revisions\/5469"}],"wp:featuredmedia":[{"embeddable":true,"href":"https:\/\/provinciadigital.com.ar\/index.php?rest_route=\/wp\/v2\/media\/5468"}],"wp:attachment":[{"href":"https:\/\/provinciadigital.com.ar\/index.php?rest_route=%2Fwp%2Fv2%2Fmedia&parent=5467"}],"wp:term":[{"taxonomy":"category","embeddable":true,"href":"https:\/\/provinciadigital.com.ar\/index.php?rest_route=%2Fwp%2Fv2%2Fcategories&post=5467"},{"taxonomy":"post_tag","embeddable":true,"href":"https:\/\/provinciadigital.com.ar\/index.php?rest_route=%2Fwp%2Fv2%2Ftags&post=5467"}],"curies":[{"name":"wp","href":"https:\/\/api.w.org\/{rel}","templated":true}]}}