{"id":5470,"date":"2025-04-22T18:41:04","date_gmt":"2025-04-22T18:41:04","guid":{"rendered":"https:\/\/provinciadigital.com.ar\/?p=5470"},"modified":"2025-04-22T18:41:04","modified_gmt":"2025-04-22T18:41:04","slug":"tigre-se-ilumino-de-arte-y-cultura-en-la-inaugural-edicion-de-las-noches-del-mat-2025","status":"publish","type":"post","link":"https:\/\/provinciadigital.com.ar\/?p=5470","title":{"rendered":"Tigre se Ilumin\u00f3 de Arte y Cultura en la Inaugural Edici\u00f3n de las Noches del MAT 2025"},"content":{"rendered":"\n<p><\/p>\n\n\n\n<p>El Municipio de Tigre vibr\u00f3 con una atm\u00f3sfera especial en la primera edici\u00f3n de las &#8220;Noches del MAT 2025&#8221;, una propuesta cultural innovadora y de acceso libre y gratuito que fusion\u00f3 las expresiones art\u00edsticas con la m\u00fasica envolvente y actividades participativas dise\u00f1adas para deleitar a familias enteras. El Museo de Arte Tigre (MAT) abri\u00f3 sus puertas en un horario inusual, transform\u00e1ndose en un espacio m\u00e1gico donde vecinos, vecinas y visitantes pudieron experimentar el arte desde una perspectiva completamente nueva y estimulante.<\/p>\n\n\n\n<p><strong>Un Museo que Late al Ritmo de la Comunidad: Encuentro, Di\u00e1logo y Creaci\u00f3n Colectiva<\/strong><\/p>\n\n\n\n<p>La secretaria de Gobierno, Gabriela Zamora, expres\u00f3 con entusiasmo el significado de esta iniciativa: \u201cLa \u00faltima edici\u00f3n de Noches en el MAT fue una experiencia profundamente enriquecedora para la comunidad. Nos propusimos abrir las puertas del museo en un horario poco habitual para invitar a vecinos, vecinas y visitantes a vivir el arte desde otra perspectiva: con intervenciones, m\u00fasica en vivo y talleres. Es emocionante ver c\u00f3mo el MAT se convierte en un espacio de encuentro, de di\u00e1logo y de creaci\u00f3n colectiva\u201d. Sus palabras reflejan la visi\u00f3n de un museo din\u00e1mico y participativo, que trasciende su rol tradicional para convertirse en un punto de convergencia social y cultural. Adem\u00e1s, destac\u00f3 el compromiso del intendente Julio Zamora con una pol\u00edtica cultural que sea verdaderamente accesible, fomente la participaci\u00f3n activa y tenga un poder transformador en la comunidad.<\/p>\n\n\n\n<p><strong>Explorando la Creatividad y la Historia: Actividades para Todas las Edades<\/strong><\/p>\n\n\n\n<p>Durante la velada art\u00edstica, los asistentes tuvieron la oportunidad de sumergirse en actividades pr\u00e1cticas que despertaron su creatividad y conexi\u00f3n con las obras expuestas. La propuesta &#8220;\u00bfUna obra, mil historias?&#8221; invit\u00f3 tanto a ni\u00f1os como a adultos a liberar su imaginaci\u00f3n, tomando las piezas de arte como punto de partida para narrativas personales y expresiones art\u00edsticas propias. Los visitantes tambi\u00e9n pudieron disfrutar de las enriquecedoras recorridas guiadas, un cl\u00e1sico del museo que permite profundizar en el contexto y significado de las colecciones. El broche de oro de la noche lleg\u00f3 con el cautivador cierre musical a cargo del talentoso d\u00fao de folclore y tango D\u00edaz Keller\u2013Kozak, cuyas melod\u00edas llenaron el espacio de emotividad y ritmo argentino.<\/p>\n\n\n\n<p><strong>Una Noche Especial: Apertura de una Sala con un Legado Art\u00edstico Invaluable<\/strong><\/p>\n\n\n\n<p>La directora general y art\u00edstica del Museo Arte Tigre, Graciela Arbolave, comparti\u00f3 su satisfacci\u00f3n por la gran acogida del p\u00fablico a este evento, que ya hab\u00eda tenido una exitosa edici\u00f3n en 2024. \u201cEs un evento que comenzamos en 2024 y cuenta con mucha aceptaci\u00f3n del p\u00fablico. Hoy es una noche especial tambi\u00e9n por la apertura de la sala principal de la planta baja, con m\u00e1s de 280 obras donadas por el Dr. Guillermo Jaim Etcheverry\u201d. Este acontecimiento a\u00f1adi\u00f3 un significado particular a la noche, marcando la incorporaci\u00f3n de una valiosa colecci\u00f3n que enriquecer\u00e1 a\u00fan m\u00e1s el patrimonio art\u00edstico del MAT. Arbolave destac\u00f3 el trabajo conjunto con el intendente Zamora para hacer visible esta importante donaci\u00f3n a la comunidad, integr\u00e1ndola a la ya destacada colecci\u00f3n permanente del museo.<\/p>\n\n\n\n<p>Las Noches del MAT 2025 se consolidan as\u00ed como una iniciativa vibrante y exitosa, que no solo democratiza el acceso al arte y la cultura en Tigre, sino que tambi\u00e9n fomenta la participaci\u00f3n ciudadana y transforma el museo en un espacio vivo de encuentro, aprendizaje y disfrute para todos. La combinaci\u00f3n de actividades interactivas, recorridos enriquecedores y m\u00fasica en vivo crea una experiencia cultural \u00fanica que fortalece el tejido social y celebra la riqueza art\u00edstica de la regi\u00f3n.<\/p>\n","protected":false},"excerpt":{"rendered":"<p>El Municipio de Tigre vibr\u00f3 con una atm\u00f3sfera especial en la primera edici\u00f3n de las &#8220;Noches del MAT 2025&#8221;, una propuesta cultural innovadora y de acceso libre y gratuito que fusion\u00f3 las expresiones art\u00edsticas con la m\u00fasica envolvente y actividades participativas dise\u00f1adas para deleitar a familias enteras. El Museo de Arte Tigre (MAT) abri\u00f3 sus [&hellip;]<\/p>\n","protected":false},"author":3,"featured_media":5471,"comment_status":"open","ping_status":"open","sticky":false,"template":"","format":"standard","meta":{"footnotes":""},"categories":[21],"tags":[],"class_list":{"0":"post-5470","1":"post","2":"type-post","3":"status-publish","4":"format-standard","5":"has-post-thumbnail","7":"category-municipio"},"_links":{"self":[{"href":"https:\/\/provinciadigital.com.ar\/index.php?rest_route=\/wp\/v2\/posts\/5470","targetHints":{"allow":["GET"]}}],"collection":[{"href":"https:\/\/provinciadigital.com.ar\/index.php?rest_route=\/wp\/v2\/posts"}],"about":[{"href":"https:\/\/provinciadigital.com.ar\/index.php?rest_route=\/wp\/v2\/types\/post"}],"author":[{"embeddable":true,"href":"https:\/\/provinciadigital.com.ar\/index.php?rest_route=\/wp\/v2\/users\/3"}],"replies":[{"embeddable":true,"href":"https:\/\/provinciadigital.com.ar\/index.php?rest_route=%2Fwp%2Fv2%2Fcomments&post=5470"}],"version-history":[{"count":1,"href":"https:\/\/provinciadigital.com.ar\/index.php?rest_route=\/wp\/v2\/posts\/5470\/revisions"}],"predecessor-version":[{"id":5472,"href":"https:\/\/provinciadigital.com.ar\/index.php?rest_route=\/wp\/v2\/posts\/5470\/revisions\/5472"}],"wp:featuredmedia":[{"embeddable":true,"href":"https:\/\/provinciadigital.com.ar\/index.php?rest_route=\/wp\/v2\/media\/5471"}],"wp:attachment":[{"href":"https:\/\/provinciadigital.com.ar\/index.php?rest_route=%2Fwp%2Fv2%2Fmedia&parent=5470"}],"wp:term":[{"taxonomy":"category","embeddable":true,"href":"https:\/\/provinciadigital.com.ar\/index.php?rest_route=%2Fwp%2Fv2%2Fcategories&post=5470"},{"taxonomy":"post_tag","embeddable":true,"href":"https:\/\/provinciadigital.com.ar\/index.php?rest_route=%2Fwp%2Fv2%2Ftags&post=5470"}],"curies":[{"name":"wp","href":"https:\/\/api.w.org\/{rel}","templated":true}]}}