{"id":5473,"date":"2025-04-22T18:45:05","date_gmt":"2025-04-22T18:45:05","guid":{"rendered":"https:\/\/provinciadigital.com.ar\/?p=5473"},"modified":"2025-04-22T18:45:07","modified_gmt":"2025-04-22T18:45:07","slug":"el-misterio-del-conclave-un-influyente-cardenal-anticipa-sorpresas-en-la-eleccion-del-sucesor-de-francisco","status":"publish","type":"post","link":"https:\/\/provinciadigital.com.ar\/?p=5473","title":{"rendered":"El Misterio del C\u00f3nclave: Un Influyente Cardenal Anticipa Sorpresas en la Elecci\u00f3n del Sucesor de Francisco"},"content":{"rendered":"\n<p><\/p>\n\n\n\n<p>Tras el sensible fallecimiento del Papa Francisco a la venerable edad de 88 a\u00f1os, la atenci\u00f3n del orbe cat\u00f3lico se ha centrado con intensidad en el inminente c\u00f3nclave. Un selecto cuerpo de 135 cardenales, investidos con el derecho al voto, se aprestan a llevar adelante la trascendental tarea de elegir al pr\u00f3ximo l\u00edder de la Iglesia Cat\u00f3lica. En este clima de expectaci\u00f3n, donde las listas de posibles sucesores proliferan en los medios y entre los vaticanistas, resuena con fuerza una lecci\u00f3n hist\u00f3rica ineludible: la elecci\u00f3n papal suele ser, por encima de todo, un evento marcado por la sorpresa, desafiando casi invariablemente los pron\u00f3sticos m\u00e1s elaborados.<\/p>\n\n\n\n<p><strong>La Voz de la Experiencia: El Cardenal Scherer y la Posibilidad de un Pont\u00edfice Inesperado<\/strong><\/p>\n\n\n\n<p>Esta posibilidad de un vuelco inesperado fue enf\u00e1ticamente subrayada por el influyente cardenal brasile\u00f1o Odilo Scherer en una reciente entrevista concedida a la radio CBN. Con la autoridad que le confiere su trayectoria y su rol como arzobispo de San Pablo, Scherer aventur\u00f3 una perspectiva que desaf\u00eda las predicciones convencionales: \u201cNo me sorprender\u00eda que el nuevo papa viniera de un continente distinto a Europa o Am\u00e9rica. La Iglesia Cat\u00f3lica est\u00e1 en todo el mundo\u201d. El cardenal record\u00f3 con lucidez c\u00f3mo la elecci\u00f3n de Jorge Mario Bergoglio en el c\u00f3nclave de 2013 tom\u00f3 por sorpresa a la gran mayor\u00eda, un evento que calific\u00f3 como una &#8220;hermosa sorpresa&#8221;, resaltando la naturaleza a menudo impredecible del Esp\u00edritu Santo en estos procesos.<\/p>\n\n\n\n<p><strong>El Caso Bergoglio: Un Humilde Arzobispo que Desafi\u00f3 Todos los Pron\u00f3sticos<\/strong><\/p>\n\n\n\n<p>La elecci\u00f3n de Jorge Mario Bergoglio en 2013 se erige, quiz\u00e1s, como el paradigma m\u00e1s elocuente de c\u00f3mo las predicciones pueden desmoronarse estrepitosamente ante la realidad del c\u00f3nclave. En los d\u00edas que precedieron a la votaci\u00f3n, su nombre no figuraba prominentemente en los an\u00e1lisis medi\u00e1ticos ni en las conjeturas de los vaticanistas m\u00e1s experimentados. Su perfil, caracterizado por la discreci\u00f3n y su relativa distancia de las intrigas curiales, sumado a su rol como arzobispo de Buenos Aires, lo manten\u00edan fuera del radar de los favoritos. Incluso su edad, 76 a\u00f1os en aquel entonces, no lo posicionaba como un candidato naturalmente viable a los ojos de muchos observadores.<\/p>\n\n\n\n<p>Parad\u00f3jicamente, uno de los nombres que sonaba con mayor insistencia en las quinielas de aquel c\u00f3nclave era el del propio cardenal Scherer. Su influencia dentro de la Iglesia latinoamericana y su cercan\u00eda con sectores importantes de la curia romana lo catapultaron a la cima de muchas listas de posibles sucesores.<\/p>\n\n\n\n<p>Sin embargo, contraviniendo todas las expectativas, la elecci\u00f3n final recay\u00f3 en Bergoglio, quien emergi\u00f3 como una figura de consenso tras un proceso de votaci\u00f3n que se extendi\u00f3 por apenas cinco rondas. Su elecci\u00f3n marc\u00f3 un hito hist\u00f3rico, convirti\u00e9ndolo en el primer papa latinoamericano y el primero en adoptar el nombre de Francisco, un s\u00edmbolo de humildad y renovaci\u00f3n.<\/p>\n\n\n\n<p><strong>Un Patr\u00f3n Hist\u00f3rico de Elecciones Inesperadas: Wojtyla y Ratzinger como Precedentes<\/strong><\/p>\n\n\n\n<p>El caso de Bergoglio no es una anomal\u00eda aislada en la historia de los c\u00f3nclaves. En 1978, el cardenal polaco Karol Wojtyla tambi\u00e9n surgi\u00f3 como una elecci\u00f3n completamente inesperada en el segundo c\u00f3nclave de aquel a\u00f1o. Su designaci\u00f3n como Juan Pablo II sorprendi\u00f3 al mundo entero, rompiendo con siglos de una tradici\u00f3n de pontificados italianos y abriendo una nueva era para la Iglesia Cat\u00f3lica. Incluso en 2005, cuando fue elegido Benedicto XVI, el cardenal Joseph Ratzinger, aunque s\u00ed figuraba entre los m\u00e1s mencionados, no era una elecci\u00f3n que se considerara asegurada. Su nombramiento se interpret\u00f3 m\u00e1s bien como un delicado equilibrio entre las diversas corrientes internas que coexist\u00edan en el seno de la Iglesia, m\u00e1s que como el triunfo de un favorito indiscutible.<\/p>\n\n\n\n<p><strong>El Axioma del C\u00f3nclave: &#8220;Quien Entra Papa, Sale Cardenal&#8221;<\/strong><\/p>\n\n\n\n<p>La c\u00e9lebre expresi\u00f3n italiana &#8220;quien entra al c\u00f3nclave como papa, sale como cardenal&#8221; sigue resonando con fuerza en la antesala de cada elecci\u00f3n pontificia. El estricto aislamiento al que se someten los cardenales electores y el car\u00e1cter secreto de sus votos conspiran contra cualquier intento de anticipar con certeza el resultado final. Y en esta ocasi\u00f3n, todo indica que la tradici\u00f3n de la imprevisibilidad podr\u00eda mantenerse intacta.<\/p>\n\n\n\n<p><strong>Voces desde el C\u00f3nclave: Humildad y la Gu\u00eda del Esp\u00edritu Santo<\/strong><\/p>\n\n\n\n<p>En este contexto de incertidumbre, incluso algunos de los nombres que han comenzado a circular como posibles candidatos se muestran cautelosos. El cardenal Anders Arborelius, cuyo nombre ha aparecido en algunas listas, coment\u00f3 con un dejo de humor: \u201cSer\u00eda divertido tener un papa sueco, pero creo que es poco probable. Muy poco probable\u201d.<\/p>\n\n\n\n<p>Por su parte, el sacerdote jesuita Michael Czerny, quien tambi\u00e9n participar\u00e1 en el pr\u00f3ximo c\u00f3nclave, enfatiz\u00f3 la seriedad y la profunda responsabilidad con la que los cardenales abordar\u00e1n esta crucial tarea: \u201cTodos estar\u00e1n incluidos y vamos a seguir el impulso del Esp\u00edritu Santo para escoger lo mejor posible al sucesor de Pedro, al sucesor del papa Francisco\u201d. Sus palabras evocan la dimensi\u00f3n espiritual y la b\u00fasqueda de la voluntad divina en el proceso de elecci\u00f3n.<\/p>\n\n\n\n<p><strong>Un Legado de Aislamiento y Secreto: La Tradici\u00f3n del C\u00f3nclave Cerrado<\/strong><\/p>\n\n\n\n<p>La tradici\u00f3n de elegir a los papas en c\u00f3nclaves cerrados se remonta al siglo XIII. Este cambio se instaur\u00f3 tras el escandaloso c\u00f3nclave de Viterbo (1268\u20131271), donde la prolongada indecisi\u00f3n de los cardenales, que tardaron casi tres a\u00f1os en elegir a un sucesor, llev\u00f3 a los ciudadanos exasperados a encerrarlos bajo llave hasta que finalmente tomaran una decisi\u00f3n. As\u00ed naci\u00f3 el modelo que rige hasta nuestros d\u00edas: aislamiento absoluto del mundo exterior y secreto inviolable del voto. Con el tiempo, las normas se han vuelto a\u00fan m\u00e1s estrictas, incluyendo la destrucci\u00f3n de todas las papeletas tras cada votaci\u00f3n desde 1800 para evitar cualquier forma de presi\u00f3n externa. El humo blanco o negro que emana de la chimenea de la Capilla Sixtina sigue siendo la \u00fanica se\u00f1al visible para el mundo del avance y el resultado final del c\u00f3nclave.<\/p>\n\n\n\n<p><strong>El Abanico de Posibles Sucesores: Nombres que Resuenan en la V\u00edspera<\/strong><\/p>\n\n\n\n<p>A pesar de la incertidumbre inherente al proceso, algunos nombres han comenzado a resonar con mayor fuerza como posibles sucesores de Francisco. Entre ellos se encuentran figuras como Matteo Mar\u00eda Zuppi (Italia), actual arzobispo de Bolonia y presidente de la Conferencia Episcopal Italiana; Luis Antonio Gokim Tagle (Filipinas), cercano colaborador del papa y prefecto de la Congregaci\u00f3n para la Evangelizaci\u00f3n de los Pueblos; Pietro Parolin (Italia), el influyente secretario de Estado del Vaticano; P\u00e9ter Erd\u0151 (Hungr\u00eda), arzobispo de Budapest; Jean-Marc Aveline (Francia), arzobispo de Marsella; Gerald Lacroix (Canad\u00e1), arzobispo de Quebec; Jean-Claude Hollerich (Luxemburgo), presidente de la Comisi\u00f3n de las Conferencias Episcopales de la Uni\u00f3n Europea; Robert Francis Prevost (Estados Unidos), prefecto del Dicasterio para los Obispos; y Cristophe Pierre (Francia), actual nuncio apost\u00f3lico en Estados Unidos. La lista tambi\u00e9n incluye a Crist\u00f3bal L\u00f3pez (Espa\u00f1a, nacionalizado paraguayo), arzobispo de Rabat; Pablo Virgilio David (Filipinas), presidente de la Conferencia Episcopal de su pa\u00eds; el propio Odilo Pedro Scherer (Brasil), arzobispo de San Pablo; y Robert Sarah (Guinea), influyente ex prefecto de la Congregaci\u00f3n para el Culto Divino. Incluso el cardenal Hollerich coment\u00f3 con humor sobre su propia inclusi\u00f3n en algunas listas: \u201c\u00bfUn papa luxemburgu\u00e9s? Hay hombres mucho m\u00e1s calificados que yo\u201d.<\/p>\n\n\n\n<p><strong>Un C\u00f3nclave con Nuevas Din\u00e1micas: El Impacto de los Nombramientos de Francisco<\/strong><\/p>\n\n\n\n<p>Bill Cavanaugh, un destacado te\u00f3logo cat\u00f3lico estadounidense y profesor de estudios cat\u00f3licos en la Universidad DePaul, advirti\u00f3 en di\u00e1logo con People que esta elecci\u00f3n papal presenta caracter\u00edsticas particulares que dificultan a\u00fan m\u00e1s cualquier intento de pron\u00f3stico. \u201cUna de las razones por las que es dif\u00edcil predecir qui\u00e9n ser\u00e1 el pr\u00f3ximo papa es que el papa Francisco ha nombrado aproximadamente al 80% de los cardenales con derecho a voto\u201d, explic\u00f3 el experto. \u201cY lo ha hecho de una forma sin precedentes, eligiendo cardenales de lugares relativamente desconocidos \u2014como Mongolia o la Rep\u00fablica Centroafricana\u2014 y dirigiendo su mirada hacia las periferias\u201d. Este enfoque, seg\u00fan Cavanaugh, introducir\u00e1 nuevas perspectivas y din\u00e1micas en el c\u00f3nclave, ya que muchos de estos cardenales no se conocen bien entre s\u00ed y no necesariamente forman parte de las tradicionales redes de influencia dentro del Vaticano. Esta realidad podr\u00eda abrir a\u00fan m\u00e1s la puerta a una elecci\u00f3n menos previsible y m\u00e1s alineada con la visi\u00f3n de Francisco de una Iglesia m\u00e1s universal y descentralizada.<\/p>\n\n\n\n<p>Lo que parece seguro es que el pr\u00f3ximo pont\u00edfice heredar\u00e1 una Iglesia que enfrenta desaf\u00edos complejos y tensiones internas significativas entre sectores progresistas y conservadores. Adem\u00e1s, deber\u00e1 abordar problem\u00e1ticas globales acuciantes como la secularizaci\u00f3n, la crisis de los abusos sexuales, la migraci\u00f3n y las implicaciones \u00e9ticas de la inteligencia artificial. El perfil y la visi\u00f3n del nuevo papa tendr\u00e1n un impacto decisivo en la forma en que la Iglesia Cat\u00f3lica enfrentar\u00e1 estos dilemas cruciales en el futuro.<\/p>\n","protected":false},"excerpt":{"rendered":"<p>Tras el sensible fallecimiento del Papa Francisco a la venerable edad de 88 a\u00f1os, la atenci\u00f3n del orbe cat\u00f3lico se ha centrado con intensidad en el inminente c\u00f3nclave. Un selecto cuerpo de 135 cardenales, investidos con el derecho al voto, se aprestan a llevar adelante la trascendental tarea de elegir al pr\u00f3ximo l\u00edder de la [&hellip;]<\/p>\n","protected":false},"author":3,"featured_media":5474,"comment_status":"open","ping_status":"open","sticky":false,"template":"","format":"standard","meta":{"footnotes":""},"categories":[129],"tags":[],"class_list":{"0":"post-5473","1":"post","2":"type-post","3":"status-publish","4":"format-standard","5":"has-post-thumbnail","7":"category-nacionales"},"_links":{"self":[{"href":"https:\/\/provinciadigital.com.ar\/index.php?rest_route=\/wp\/v2\/posts\/5473","targetHints":{"allow":["GET"]}}],"collection":[{"href":"https:\/\/provinciadigital.com.ar\/index.php?rest_route=\/wp\/v2\/posts"}],"about":[{"href":"https:\/\/provinciadigital.com.ar\/index.php?rest_route=\/wp\/v2\/types\/post"}],"author":[{"embeddable":true,"href":"https:\/\/provinciadigital.com.ar\/index.php?rest_route=\/wp\/v2\/users\/3"}],"replies":[{"embeddable":true,"href":"https:\/\/provinciadigital.com.ar\/index.php?rest_route=%2Fwp%2Fv2%2Fcomments&post=5473"}],"version-history":[{"count":1,"href":"https:\/\/provinciadigital.com.ar\/index.php?rest_route=\/wp\/v2\/posts\/5473\/revisions"}],"predecessor-version":[{"id":5475,"href":"https:\/\/provinciadigital.com.ar\/index.php?rest_route=\/wp\/v2\/posts\/5473\/revisions\/5475"}],"wp:featuredmedia":[{"embeddable":true,"href":"https:\/\/provinciadigital.com.ar\/index.php?rest_route=\/wp\/v2\/media\/5474"}],"wp:attachment":[{"href":"https:\/\/provinciadigital.com.ar\/index.php?rest_route=%2Fwp%2Fv2%2Fmedia&parent=5473"}],"wp:term":[{"taxonomy":"category","embeddable":true,"href":"https:\/\/provinciadigital.com.ar\/index.php?rest_route=%2Fwp%2Fv2%2Fcategories&post=5473"},{"taxonomy":"post_tag","embeddable":true,"href":"https:\/\/provinciadigital.com.ar\/index.php?rest_route=%2Fwp%2Fv2%2Ftags&post=5473"}],"curies":[{"name":"wp","href":"https:\/\/api.w.org\/{rel}","templated":true}]}}