{"id":5532,"date":"2025-05-07T17:30:12","date_gmt":"2025-05-07T17:30:12","guid":{"rendered":"https:\/\/provinciadigital.com.ar\/?p=5532"},"modified":"2025-05-07T17:30:13","modified_gmt":"2025-05-07T17:30:13","slug":"bullrich-presento-910-un-numero-unico-para-bloquear-celulares-robados-o-extraviados-en-todo-el-pais","status":"publish","type":"post","link":"https:\/\/provinciadigital.com.ar\/?p=5532","title":{"rendered":"Bullrich present\u00f3 910: un n\u00famero \u00fanico para bloquear celulares robados o extraviados en todo el pa\u00eds"},"content":{"rendered":"\n<h2 class=\"wp-block-heading\"><\/h2>\n\n\n\n<p><strong>La ministra de Seguridad lanz\u00f3 un servicio gratuito y disponible las 24 horas con el objetivo de frenar el mercado ilegal de tel\u00e9fonos m\u00f3viles.<\/strong><\/p>\n\n\n\n<p>En un acto realizado en <strong>Plaza Italia<\/strong>, la ministra de Seguridad de la Naci\u00f3n, <strong>Patricia Bullrich<\/strong>, present\u00f3 oficialmente el n\u00famero *910, una herramienta gratuita y de alcance nacional para bloquear de manera inmediata celulares robados o extraviados. La medida busca combatir el delito m\u00e1s frecuente en la Argentina y reducir la reventa ilegal de dispositivos m\u00f3viles.<\/p>\n\n\n\n<blockquote class=\"wp-block-quote is-layout-flow wp-block-quote-is-layout-flow\">\n<p>\u201cEl robo de celulares es el delito m\u00e1s com\u00fan en el pa\u00eds. Todos conocemos a alguien que lo ha sufrido. Es plata, es una herramienta de trabajo, es parte de la vida. Con *910 damos una respuesta directa y r\u00e1pida\u201d, expres\u00f3 Bullrich en conferencia de prensa.<\/p>\n<\/blockquote>\n\n\n\n<h3 class=\"wp-block-heading\">\u00bfQu\u00e9 es el *910?<\/h3>\n\n\n\n<p>El *910 es un <strong>servicio gratuito<\/strong>, accesible desde cualquier tel\u00e9fono y disponible las <strong>24 horas, todos los d\u00edas de la semana<\/strong>. Permite bloquear tanto el equipo como la l\u00ednea asociada, dejando el dispositivo <strong>inutilizable a nivel nacional<\/strong>.<\/p>\n\n\n\n<p>La ministra explic\u00f3 que el sistema est\u00e1 <strong>integrado con las compa\u00f1\u00edas telef\u00f3nicas<\/strong>, quienes al recibir la denuncia bloquean el <strong>IMEI<\/strong> (el c\u00f3digo \u00fanico de cada tel\u00e9fono). Este dato resulta esencial para impedir que el dispositivo pueda ser reactivado o revendido ilegalmente.<\/p>\n\n\n\n<blockquote class=\"wp-block-quote is-layout-flow wp-block-quote-is-layout-flow\">\n<p>\u201cMarc\u00e1s *910 desde el tel\u00e9fono de un familiar o amigo, y el equipo queda inmediatamente fuera de servicio. Ya no va a servir para nada. Es un golpe al mercado informal\u201d, afirm\u00f3.<\/p>\n<\/blockquote>\n\n\n\n<h3 class=\"wp-block-heading\">Un lanzamiento desde una zona cr\u00edtica<\/h3>\n\n\n\n<p>El lugar elegido para el anuncio no fue casual: <strong>Plaza Italia<\/strong>, en el barrio porte\u00f1o de Palermo, es uno de los puntos m\u00e1s afectados por este tipo de delitos. Seg\u00fan detall\u00f3 la ministra, la cercan\u00eda con medios de transporte como subte, metrob\u00fas y tren facilita la huida de los delincuentes.<\/p>\n\n\n\n<blockquote class=\"wp-block-quote is-layout-flow wp-block-quote-is-layout-flow\">\n<p>\u201cLo hacemos ac\u00e1 porque esta zona sufre robos todos los d\u00edas. Cuando la l\u00ednea F del subte est\u00e9 funcionando, queremos que todos sepan que si les roban, con solo marcar *910 pueden proteger su celular en el acto\u201d, sostuvo Bullrich.<\/p>\n<\/blockquote>\n\n\n\n<h3 class=\"wp-block-heading\">Parte de un plan integral de seguridad<\/h3>\n\n\n\n<p>El lanzamiento de *910 se enmarca dentro de un <strong>plan m\u00e1s amplio de modernizaci\u00f3n y fortalecimiento de la seguridad p\u00fablica<\/strong>, que incluir\u00e1 pr\u00f3ximamente el desarrollo de <strong>nuevas aplicaciones y tecnolog\u00edas<\/strong> para proteger los datos personales y brindar m\u00e1s herramientas a los ciudadanos.<\/p>\n\n\n\n<blockquote class=\"wp-block-quote is-layout-flow wp-block-quote-is-layout-flow\">\n<p>\u201cCon *910 proteg\u00e9s tu informaci\u00f3n y te asegur\u00e1s de que nadie m\u00e1s pueda usar tu celular. Es una medida concreta frente al delito m\u00e1s habitual en el pa\u00eds\u201d, concluy\u00f3 Bullrich.<\/p>\n<\/blockquote>\n","protected":false},"excerpt":{"rendered":"<p>La ministra de Seguridad lanz\u00f3 un servicio gratuito y disponible las 24 horas con el objetivo de frenar el mercado ilegal de tel\u00e9fonos m\u00f3viles. En un acto realizado en Plaza Italia, la ministra de Seguridad de la Naci\u00f3n, Patricia Bullrich, present\u00f3 oficialmente el n\u00famero *910, una herramienta gratuita y de alcance nacional para bloquear de [&hellip;]<\/p>\n","protected":false},"author":3,"featured_media":5533,"comment_status":"open","ping_status":"open","sticky":false,"template":"","format":"standard","meta":{"footnotes":""},"categories":[129],"tags":[],"class_list":{"0":"post-5532","1":"post","2":"type-post","3":"status-publish","4":"format-standard","5":"has-post-thumbnail","7":"category-nacionales"},"_links":{"self":[{"href":"https:\/\/provinciadigital.com.ar\/index.php?rest_route=\/wp\/v2\/posts\/5532","targetHints":{"allow":["GET"]}}],"collection":[{"href":"https:\/\/provinciadigital.com.ar\/index.php?rest_route=\/wp\/v2\/posts"}],"about":[{"href":"https:\/\/provinciadigital.com.ar\/index.php?rest_route=\/wp\/v2\/types\/post"}],"author":[{"embeddable":true,"href":"https:\/\/provinciadigital.com.ar\/index.php?rest_route=\/wp\/v2\/users\/3"}],"replies":[{"embeddable":true,"href":"https:\/\/provinciadigital.com.ar\/index.php?rest_route=%2Fwp%2Fv2%2Fcomments&post=5532"}],"version-history":[{"count":1,"href":"https:\/\/provinciadigital.com.ar\/index.php?rest_route=\/wp\/v2\/posts\/5532\/revisions"}],"predecessor-version":[{"id":5534,"href":"https:\/\/provinciadigital.com.ar\/index.php?rest_route=\/wp\/v2\/posts\/5532\/revisions\/5534"}],"wp:featuredmedia":[{"embeddable":true,"href":"https:\/\/provinciadigital.com.ar\/index.php?rest_route=\/wp\/v2\/media\/5533"}],"wp:attachment":[{"href":"https:\/\/provinciadigital.com.ar\/index.php?rest_route=%2Fwp%2Fv2%2Fmedia&parent=5532"}],"wp:term":[{"taxonomy":"category","embeddable":true,"href":"https:\/\/provinciadigital.com.ar\/index.php?rest_route=%2Fwp%2Fv2%2Fcategories&post=5532"},{"taxonomy":"post_tag","embeddable":true,"href":"https:\/\/provinciadigital.com.ar\/index.php?rest_route=%2Fwp%2Fv2%2Ftags&post=5532"}],"curies":[{"name":"wp","href":"https:\/\/api.w.org\/{rel}","templated":true}]}}