{"id":5595,"date":"2025-05-30T18:03:19","date_gmt":"2025-05-30T18:03:19","guid":{"rendered":"https:\/\/provinciadigital.com.ar\/?p=5595"},"modified":"2025-05-30T18:03:21","modified_gmt":"2025-05-30T18:03:21","slug":"crisis-en-el-hospital-garrahan-denuncian-vaciamiento-precarizacion-y-falta-de-respuestas-del-gobierno","status":"publish","type":"post","link":"https:\/\/provinciadigital.com.ar\/?p=5595","title":{"rendered":"Crisis en el Hospital Garrahan: denuncian vaciamiento, precarizaci\u00f3n y falta de respuestas del Gobierno"},"content":{"rendered":"\n<h1 class=\"wp-block-heading\"><\/h1>\n\n\n\n<p><strong>Profesionales, residentes y trabajadores del principal hospital pedi\u00e1trico del pa\u00eds sostienen un plan de lucha ante la falta de mejoras salariales y el ajuste presupuestario. El martes 3 de junio realizar\u00e1n una nueva asamblea para definir los pasos a seguir.<\/strong><\/p>\n\n\n\n<p><\/p>\n\n\n\n<p>En medio de una creciente tensi\u00f3n, los trabajadores del Hospital de Pediatr\u00eda <em>Juan Pedro Garrahan<\/em> denuncian un proceso de <strong>vaciamiento y deterioro de las condiciones laborales y asistenciales<\/strong>, en el marco de los recortes impulsados por el gobierno de Javier Milei. Este jueves realizaron un <strong>paro con movilizaci\u00f3n al Ministerio de Salud de la Naci\u00f3n<\/strong>, exigiendo una recomposici\u00f3n salarial urgente y el fin del ajuste.<\/p>\n\n\n\n<h2 class=\"wp-block-heading\">\u201cLa p\u00e9rdida salarial fue brutal\u201d<\/h2>\n\n\n\n<p>Aunque por la tarde una comitiva de residentes fue recibida por funcionarios del \u00e1rea de Salud, <strong>no hubo ninguna propuesta concreta de aumento<\/strong>. Por eso, los trabajadores convocaron a una <strong>nueva asamblea para el martes 3 de junio<\/strong>, donde definir\u00e1n los pr\u00f3ximos pasos del reclamo.<\/p>\n\n\n\n<blockquote class=\"wp-block-quote is-layout-flow wp-block-quote-is-layout-flow\">\n<p>\u201cLa p\u00e9rdida del poder adquisitivo fue brutal. Estimamos una ca\u00edda de entre el 40% y el 60% en el \u00faltimo a\u00f1o\u201d, explic\u00f3 una m\u00e9dica del hospital, que prefiri\u00f3 mantener el anonimato.<\/p>\n<\/blockquote>\n\n\n\n<p>Seg\u00fan explic\u00f3, los incrementos salariales han sido m\u00ednimos y se aplican solo a la parte remunerativa del salario, dejando afuera <strong>\u00edtems fundamentales como las guardias o los plus de especialidad<\/strong>.<\/p>\n\n\n\n<h2 class=\"wp-block-heading\">Ajuste fiscal: impacto en el Garrahan<\/h2>\n\n\n\n<p>El conflicto se da en el marco del plan econ\u00f3mico del Gobierno, que el propio presidente Milei defini\u00f3 como <strong>\u201cel ajuste m\u00e1s grande de la historia\u201d<\/strong>. En el Garrahan, los efectos son visibles: <strong>precarizaci\u00f3n del trabajo, sobrecarga laboral, pluriempleo y deterioro de la atenci\u00f3n m\u00e9dica<\/strong>.<\/p>\n\n\n\n<blockquote class=\"wp-block-quote is-layout-flow wp-block-quote-is-layout-flow\">\n<p>\u201cEstamos todos muy desgastados, f\u00edsica y emocionalmente. Eso impacta directamente en la atenci\u00f3n\u201d, advirti\u00f3 otra m\u00e9dica pedi\u00e1trica de planta.<\/p>\n<\/blockquote>\n\n\n\n<p>El hospital, considerado referente en atenci\u00f3n infantil de alta complejidad en Am\u00e9rica Latina, <strong>atiende m\u00e1s de 600.000 consultas al a\u00f1o<\/strong> y realiza <strong>cirug\u00edas complejas, trasplantes y tratamientos oncol\u00f3gicos<\/strong>, entre otros servicios cr\u00edticos.<\/p>\n\n\n\n<h2 class=\"wp-block-heading\"> El Gobierno niega el vaciamiento y habla de \u201cmal uso de recursos\u201d<\/h2>\n\n\n\n<p>El <strong>vocero presidencial, Manuel Adorni<\/strong>, neg\u00f3 que haya desfinanciamiento. Seg\u00fan sostuvo en una conferencia de prensa, \u201clos recursos est\u00e1n, pero est\u00e1n mal utilizados\u201d. Adem\u00e1s, vincul\u00f3 el conflicto a la resistencia del personal a la implementaci\u00f3n de <strong>un sistema biom\u00e9trico de control horario<\/strong>, que el Gobierno plantea como una medida para \u201cromper con privilegios\u201d.<\/p>\n\n\n\n<p>En un intento de frenar el conflicto, el Ejecutivo dict\u00f3 la <strong>conciliaci\u00f3n obligatoria por 15 d\u00edas<\/strong>, aunque <strong>sin ofrecer mejoras concretas<\/strong> en las condiciones laborales ni salariales.<\/p>\n\n\n\n<h2 class=\"wp-block-heading\"> Apoyo desde el Congreso<\/h2>\n\n\n\n<p>El reclamo de los trabajadores del Garrahan tuvo eco en el Congreso. Diputados de <strong>Uni\u00f3n por la Patria<\/strong>, encabezados por <strong>Pablo Yedlin<\/strong>, presidente de la Comisi\u00f3n de Salud, se reunieron con residentes y profesionales del hospital para <strong>manifestar su respaldo<\/strong>.<\/p>\n\n\n\n<blockquote class=\"wp-block-quote is-layout-flow wp-block-quote-is-layout-flow\">\n<p>\u201cLa destrucci\u00f3n del Garrahan es responsabilidad del presidente Javier Milei\u201d, sostuvo Yedlin tras la reuni\u00f3n, a la que tambi\u00e9n asistieron Daniel Goll\u00e1n, Itai Hagman, Julia Strada, Cecilia Moreau y Paula Penacca.<\/p>\n<\/blockquote>\n\n\n\n<h2 class=\"wp-block-heading\">\u00bfQu\u00e9 est\u00e1 en juego?<\/h2>\n\n\n\n<p>El Garrahan es el principal hospital pedi\u00e1trico p\u00fablico del pa\u00eds. Es un centro de referencia nacional y regional en:<\/p>\n\n\n\n<ul class=\"wp-block-list\">\n<li>Cirug\u00edas de alta complejidad<\/li>\n\n\n\n<li>Trasplantes pedi\u00e1tricos<\/li>\n\n\n\n<li>Oncolog\u00eda infantil<\/li>\n\n\n\n<li>Cuidados intensivos<\/li>\n\n\n\n<li>Investigaci\u00f3n y formaci\u00f3n m\u00e9dica<\/li>\n<\/ul>\n\n\n\n<p>Su posible deterioro representa <strong>una amenaza directa a la salud de miles de ni\u00f1os y ni\u00f1as<\/strong> que dependen de sus servicios en todo el territorio argentino.<\/p>\n\n\n\n<h3 class=\"wp-block-heading\">Pr\u00f3xima instancia<\/h3>\n\n\n\n<p> <strong>Martes 3 de junio:<\/strong> Asamblea general de trabajadores del Hospital Garrahan para definir nuevas medidas de fuerza.<\/p>\n","protected":false},"excerpt":{"rendered":"<p>Profesionales, residentes y trabajadores del principal hospital pedi\u00e1trico del pa\u00eds sostienen un plan de lucha ante la falta de mejoras salariales y el ajuste presupuestario. El martes 3 de junio realizar\u00e1n una nueva asamblea para definir los pasos a seguir. En medio de una creciente tensi\u00f3n, los trabajadores del Hospital de Pediatr\u00eda Juan Pedro Garrahan [&hellip;]<\/p>\n","protected":false},"author":3,"featured_media":5596,"comment_status":"open","ping_status":"open","sticky":false,"template":"","format":"standard","meta":{"footnotes":""},"categories":[21],"tags":[],"class_list":{"0":"post-5595","1":"post","2":"type-post","3":"status-publish","4":"format-standard","5":"has-post-thumbnail","7":"category-municipio"},"_links":{"self":[{"href":"https:\/\/provinciadigital.com.ar\/index.php?rest_route=\/wp\/v2\/posts\/5595","targetHints":{"allow":["GET"]}}],"collection":[{"href":"https:\/\/provinciadigital.com.ar\/index.php?rest_route=\/wp\/v2\/posts"}],"about":[{"href":"https:\/\/provinciadigital.com.ar\/index.php?rest_route=\/wp\/v2\/types\/post"}],"author":[{"embeddable":true,"href":"https:\/\/provinciadigital.com.ar\/index.php?rest_route=\/wp\/v2\/users\/3"}],"replies":[{"embeddable":true,"href":"https:\/\/provinciadigital.com.ar\/index.php?rest_route=%2Fwp%2Fv2%2Fcomments&post=5595"}],"version-history":[{"count":1,"href":"https:\/\/provinciadigital.com.ar\/index.php?rest_route=\/wp\/v2\/posts\/5595\/revisions"}],"predecessor-version":[{"id":5597,"href":"https:\/\/provinciadigital.com.ar\/index.php?rest_route=\/wp\/v2\/posts\/5595\/revisions\/5597"}],"wp:featuredmedia":[{"embeddable":true,"href":"https:\/\/provinciadigital.com.ar\/index.php?rest_route=\/wp\/v2\/media\/5596"}],"wp:attachment":[{"href":"https:\/\/provinciadigital.com.ar\/index.php?rest_route=%2Fwp%2Fv2%2Fmedia&parent=5595"}],"wp:term":[{"taxonomy":"category","embeddable":true,"href":"https:\/\/provinciadigital.com.ar\/index.php?rest_route=%2Fwp%2Fv2%2Fcategories&post=5595"},{"taxonomy":"post_tag","embeddable":true,"href":"https:\/\/provinciadigital.com.ar\/index.php?rest_route=%2Fwp%2Fv2%2Ftags&post=5595"}],"curies":[{"name":"wp","href":"https:\/\/api.w.org\/{rel}","templated":true}]}}