{"id":5598,"date":"2025-05-30T18:08:42","date_gmt":"2025-05-30T18:08:42","guid":{"rendered":"https:\/\/provinciadigital.com.ar\/?p=5598"},"modified":"2025-05-30T18:08:43","modified_gmt":"2025-05-30T18:08:43","slug":"pilar-suma-una-nueva-escuela-achaval-inauguro-la-secundaria-n-28-heroes-de-malvinas","status":"publish","type":"post","link":"https:\/\/provinciadigital.com.ar\/?p=5598","title":{"rendered":"Pilar suma una nueva escuela: Ach\u00e1val inaugur\u00f3 la Secundaria N\u00b0 28 \u201cH\u00e9roes de Malvinas\u201d"},"content":{"rendered":"\n<h1 class=\"wp-block-heading\"><\/h1>\n\n\n\n<p><strong>El intendente destac\u00f3 el rol transformador de la educaci\u00f3n p\u00fablica y reafirm\u00f3 su compromiso de seguir ampliando la infraestructura escolar en el distrito.<\/strong><\/p>\n\n\n\n<p>El intendente de Pilar, <strong>Federico Ach\u00e1val<\/strong>, encabez\u00f3 este jueves la inauguraci\u00f3n del edificio de la <strong>Escuela Secundaria N\u00b0 28 \u201cH\u00e9roes de Malvinas\u201d<\/strong> en el barrio de Villa Morra. La obra se concret\u00f3 en articulaci\u00f3n con la <strong>Provincia de Buenos Aires<\/strong> y forma parte de un plan integral para fortalecer la educaci\u00f3n p\u00fablica en el distrito.<\/p>\n\n\n\n<blockquote class=\"wp-block-quote is-layout-flow wp-block-quote-is-layout-flow\">\n<p>\u201cHoy damos un paso m\u00e1s hacia una mejor comunidad, porque una escuela es siempre un lugar que transforma\u201d, expres\u00f3 el jefe comunal, acompa\u00f1ado por estudiantes, docentes y veteranos de Malvinas.<\/p>\n<\/blockquote>\n\n\n\n<h2 class=\"wp-block-heading\"> Educaci\u00f3n p\u00fablica como eje de gesti\u00f3n<\/h2>\n\n\n\n<p>Durante el acto, Ach\u00e1val reafirm\u00f3 su compromiso con la <strong>educaci\u00f3n p\u00fablica, gratuita y de calidad<\/strong>, a la que defini\u00f3 como \u201cla mejor herramienta para mejorar nuestra comunidad\u201d.<\/p>\n\n\n\n<blockquote class=\"wp-block-quote is-layout-flow wp-block-quote-is-layout-flow\">\n<p>\u201cDefendamos este derecho entre todos, cuidemos nuestras escuelas, abracemos a la educaci\u00f3n y transformemos en realidad el sue\u00f1o de todos y todas\u201d, subray\u00f3 el intendente.<\/p>\n<\/blockquote>\n\n\n\n<h2 class=\"wp-block-heading\"> Pilar ya suma 28 escuelas construidas<\/h2>\n\n\n\n<p>Con esta inauguraci\u00f3n, <strong>ya son 28 los establecimientos educativos nuevos<\/strong> construidos en Pilar durante la actual gesti\u00f3n municipal. Seg\u00fan adelant\u00f3 Ach\u00e1val, el objetivo para este a\u00f1o es <strong>alcanzar las 32 escuelas nuevas<\/strong>, consolidando un modelo de inclusi\u00f3n y desarrollo a trav\u00e9s de la inversi\u00f3n en infraestructura escolar.<\/p>\n\n\n\n<h2 class=\"wp-block-heading\"> Presencias destacadas<\/h2>\n\n\n\n<p>Adem\u00e1s del intendente, participaron del acto:<\/p>\n\n\n\n<ul class=\"wp-block-list\">\n<li><strong>Santiago Laurent<\/strong>, secretario de Gobierno<\/li>\n\n\n\n<li><strong>Soledad Peralta<\/strong>, secretaria General<\/li>\n\n\n\n<li><strong>Dami\u00e1n Esp\u00edndola<\/strong>, secretario de Educaci\u00f3n<\/li>\n\n\n\n<li>Funcionarios municipales, docentes, alumnos y representantes de la comunidad.<\/li>\n<\/ul>\n\n\n\n<blockquote class=\"wp-block-quote is-layout-flow wp-block-quote-is-layout-flow\">\n<p>\u201cEs con m\u00e1s escuelas que vamos a tener un futuro con m\u00e1s oportunidades y esperanza. Vamos a seguir trabajando para transformar la educaci\u00f3n\u201d, concluy\u00f3 Ach\u00e1val.<\/p>\n<\/blockquote>\n","protected":false},"excerpt":{"rendered":"<p>El intendente destac\u00f3 el rol transformador de la educaci\u00f3n p\u00fablica y reafirm\u00f3 su compromiso de seguir ampliando la infraestructura escolar en el distrito. El intendente de Pilar, Federico Ach\u00e1val, encabez\u00f3 este jueves la inauguraci\u00f3n del edificio de la Escuela Secundaria N\u00b0 28 \u201cH\u00e9roes de Malvinas\u201d en el barrio de Villa Morra. La obra se concret\u00f3 [&hellip;]<\/p>\n","protected":false},"author":3,"featured_media":5599,"comment_status":"open","ping_status":"open","sticky":false,"template":"","format":"standard","meta":{"footnotes":""},"categories":[21],"tags":[],"class_list":{"0":"post-5598","1":"post","2":"type-post","3":"status-publish","4":"format-standard","5":"has-post-thumbnail","7":"category-municipio"},"_links":{"self":[{"href":"https:\/\/provinciadigital.com.ar\/index.php?rest_route=\/wp\/v2\/posts\/5598","targetHints":{"allow":["GET"]}}],"collection":[{"href":"https:\/\/provinciadigital.com.ar\/index.php?rest_route=\/wp\/v2\/posts"}],"about":[{"href":"https:\/\/provinciadigital.com.ar\/index.php?rest_route=\/wp\/v2\/types\/post"}],"author":[{"embeddable":true,"href":"https:\/\/provinciadigital.com.ar\/index.php?rest_route=\/wp\/v2\/users\/3"}],"replies":[{"embeddable":true,"href":"https:\/\/provinciadigital.com.ar\/index.php?rest_route=%2Fwp%2Fv2%2Fcomments&post=5598"}],"version-history":[{"count":1,"href":"https:\/\/provinciadigital.com.ar\/index.php?rest_route=\/wp\/v2\/posts\/5598\/revisions"}],"predecessor-version":[{"id":5600,"href":"https:\/\/provinciadigital.com.ar\/index.php?rest_route=\/wp\/v2\/posts\/5598\/revisions\/5600"}],"wp:featuredmedia":[{"embeddable":true,"href":"https:\/\/provinciadigital.com.ar\/index.php?rest_route=\/wp\/v2\/media\/5599"}],"wp:attachment":[{"href":"https:\/\/provinciadigital.com.ar\/index.php?rest_route=%2Fwp%2Fv2%2Fmedia&parent=5598"}],"wp:term":[{"taxonomy":"category","embeddable":true,"href":"https:\/\/provinciadigital.com.ar\/index.php?rest_route=%2Fwp%2Fv2%2Fcategories&post=5598"},{"taxonomy":"post_tag","embeddable":true,"href":"https:\/\/provinciadigital.com.ar\/index.php?rest_route=%2Fwp%2Fv2%2Ftags&post=5598"}],"curies":[{"name":"wp","href":"https:\/\/api.w.org\/{rel}","templated":true}]}}