{"id":5635,"date":"2025-06-09T17:06:57","date_gmt":"2025-06-09T17:06:57","guid":{"rendered":"https:\/\/provinciadigital.com.ar\/?p=5635"},"modified":"2025-06-09T17:06:57","modified_gmt":"2025-06-09T17:06:57","slug":"scaloni-confirmo-a-messi-como-titular-ante-colombia-y-analizo-el-presente-de-la-seleccion-argentina","status":"publish","type":"post","link":"https:\/\/provinciadigital.com.ar\/?p=5635","title":{"rendered":"Scaloni confirm\u00f3 a Messi como titular ante Colombia y analiz\u00f3 el presente de la Selecci\u00f3n Argentina"},"content":{"rendered":"\n<p><\/p>\n\n\n\n<p><em>El t\u00e9cnico habl\u00f3 en conferencia de prensa desde el predio de Ezeiza antes del duelo por Eliminatorias. Adem\u00e1s, se refiri\u00f3 al futuro de Walter Samuel, la venta de Mastantuono y la dificultad del rival.<\/em><\/p>\n\n\n\n<p>A horas del crucial partido ante Colombia por la fecha 16 de las Eliminatorias Sudamericanas, Lionel Scaloni brind\u00f3 una extensa conferencia de prensa en la que despej\u00f3 dudas y dej\u00f3 definiciones importantes. El entrenador confirm\u00f3 que <strong>Lionel Messi ser\u00e1 titular<\/strong> este martes en el Estadio Monumental y habl\u00f3 sobre varios temas que atraviesan a la Selecci\u00f3n Argentina en este tramo del camino rumbo al Mundial 2026.<\/p>\n\n\n\n<h3 class=\"wp-block-heading\">Messi confirmado desde el inicio<\/h3>\n\n\n\n<p>\u201c<strong>Leo va a jugar de entrada<\/strong>, no tenemos dudas. Esperamos que la gente lo disfrute a \u00e9l y al equipo\u201d, asegur\u00f3 el t\u00e9cnico oriundo de Pujato. Si bien evit\u00f3 dar el once completo, afirm\u00f3 que la presencia del capit\u00e1n est\u00e1 garantizada, marcando un retorno clave para la albiceleste.<\/p>\n\n\n\n<h3 class=\"wp-block-heading\">El rival: Colombia, m\u00e1s peligrosa de lo que muestra la tabla<\/h3>\n\n\n\n<p>Scaloni fue contundente al referirse al conjunto cafetero:<\/p>\n\n\n\n<blockquote class=\"wp-block-quote is-layout-flow wp-block-quote-is-layout-flow\">\n<p>\u201c<strong>Es una selecci\u00f3n temible<\/strong>, se conocen bien y saben a qu\u00e9 juegan. La clasificaci\u00f3n es enga\u00f1osa, merecieron m\u00e1s en varios partidos. Estar\u00eda segunda si obten\u00eda algunos puntos m\u00e1s. Es de los mejores equipos\u201d.<\/p>\n<\/blockquote>\n\n\n\n<h3 class=\"wp-block-heading\">El estado f\u00edsico del plantel y las dudas en la formaci\u00f3n<\/h3>\n\n\n\n<p>Respecto a Lautaro Mart\u00ednez, explic\u00f3 que tuvo descanso tras finalizar su temporada m\u00e1s tarde que el resto, pero estar\u00e1 disponible. Sobre la posible formaci\u00f3n, se\u00f1al\u00f3 que la baja de Nico Gonz\u00e1lez abrir\u00e1 un lugar que podr\u00eda ser ocupado por Medina o Barco, aunque todav\u00eda espera confirmar el estado f\u00edsico de algunos jugadores antes de decidir.<\/p>\n\n\n\n<h3 class=\"wp-block-heading\">Mastantuono y el inter\u00e9s del Real Madrid<\/h3>\n\n\n\n<p>Consultado sobre la inminente venta de Franco Mastantuono al Real Madrid, el t\u00e9cnico lo consider\u00f3 \u201cun paso enorme\u201d.<\/p>\n\n\n\n<blockquote class=\"wp-block-quote is-layout-flow wp-block-quote-is-layout-flow\">\n<p>\u201cEs uno de los clubes m\u00e1s grandes del mundo. Tiene apenas 17 a\u00f1os, pero si sigue con esa actitud, puede llegar muy lejos. Nos pone contentos que miren al f\u00fatbol argentino\u201d.<\/p>\n<\/blockquote>\n\n\n\n<h3 class=\"wp-block-heading\">Walter Samuel seguir\u00e1 en la Selecci\u00f3n<\/h3>\n\n\n\n<p>Scaloni tambi\u00e9n confirm\u00f3 que <strong>Walter Samuel rechaz\u00f3 una oferta del Inter de Mil\u00e1n<\/strong> para seguir en su cuerpo t\u00e9cnico:<\/p>\n\n\n\n<blockquote class=\"wp-block-quote is-layout-flow wp-block-quote-is-layout-flow\">\n<p>\u201cRecibi\u00f3 el llamado de Chivu, pero decidi\u00f3 quedarse. Le agradezco porque muestra su compromiso. Le duele no ir, pero es un tema cerrado\u201d.<\/p>\n<\/blockquote>\n\n\n\n<h3 class=\"wp-block-heading\">Jugar con europeos, el sistema defensivo y la lista mundialista<\/h3>\n\n\n\n<p>Sobre la posibilidad de amistosos con selecciones europeas, fue claro:<\/p>\n\n\n\n<blockquote class=\"wp-block-quote is-layout-flow wp-block-quote-is-layout-flow\">\n<p>\u201cNo me desespero por eso. Nuestros jugadores compiten todas las semanas con ellos. Si se puede, bien; si no, no pasa nada\u201d.<\/p>\n<\/blockquote>\n\n\n\n<p>Respecto al esquema con tres defensores, aclar\u00f3 que no es su favorito, pero lo considera una opci\u00f3n viable en determinadas situaciones, como sucedi\u00f3 ante Pa\u00edses Bajos en el Mundial 2022.<\/p>\n\n\n\n<p>Tambi\u00e9n se refiri\u00f3 a la futura lista para el Mundial:<\/p>\n\n\n\n<blockquote class=\"wp-block-quote is-layout-flow wp-block-quote-is-layout-flow\">\n<p>\u201cNo tiene sentido definirla un a\u00f1o antes. Las decisiones deben tomarse al final, por lesiones o rendimientos\u201d.<\/p>\n<\/blockquote>\n\n\n\n<h3 class=\"wp-block-heading\">Presente colectivo y nuevas caras<\/h3>\n\n\n\n<p>Scaloni destac\u00f3 que el equipo ya puede mantener su funcionamiento m\u00e1s all\u00e1 de si Messi est\u00e1 o no en cancha, lo cual marca una evoluci\u00f3n desde el \u00faltimo Mundial. Adem\u00e1s, explic\u00f3 la presencia de juveniles como Ian Subiabre y Valentino Acu\u00f1a en los entrenamientos:<\/p>\n\n\n\n<blockquote class=\"wp-block-quote is-layout-flow wp-block-quote-is-layout-flow\">\n<p>\u201cQueremos verlos. Nos ilusionan muchos de ellos\u201d.<\/p>\n<\/blockquote>\n\n\n\n<h3 class=\"wp-block-heading\">La tabla de posiciones antes del duelo<\/h3>\n\n\n\n<p>Con 34 puntos en 15 fechas, <strong>Argentina lidera c\u00f3modamente las Eliminatorias<\/strong>, seguida por Ecuador y Paraguay, ambos con 24. Colombia, con 21, buscar\u00e1 dar el golpe en N\u00fa\u00f1ez y meterse entre los clasificados directos.<\/p>\n","protected":false},"excerpt":{"rendered":"<p>El t\u00e9cnico habl\u00f3 en conferencia de prensa desde el predio de Ezeiza antes del duelo por Eliminatorias. Adem\u00e1s, se refiri\u00f3 al futuro de Walter Samuel, la venta de Mastantuono y la dificultad del rival. A horas del crucial partido ante Colombia por la fecha 16 de las Eliminatorias Sudamericanas, Lionel Scaloni brind\u00f3 una extensa conferencia [&hellip;]<\/p>\n","protected":false},"author":3,"featured_media":5636,"comment_status":"open","ping_status":"open","sticky":false,"template":"","format":"standard","meta":{"footnotes":""},"categories":[129],"tags":[],"class_list":{"0":"post-5635","1":"post","2":"type-post","3":"status-publish","4":"format-standard","5":"has-post-thumbnail","7":"category-nacionales"},"_links":{"self":[{"href":"https:\/\/provinciadigital.com.ar\/index.php?rest_route=\/wp\/v2\/posts\/5635","targetHints":{"allow":["GET"]}}],"collection":[{"href":"https:\/\/provinciadigital.com.ar\/index.php?rest_route=\/wp\/v2\/posts"}],"about":[{"href":"https:\/\/provinciadigital.com.ar\/index.php?rest_route=\/wp\/v2\/types\/post"}],"author":[{"embeddable":true,"href":"https:\/\/provinciadigital.com.ar\/index.php?rest_route=\/wp\/v2\/users\/3"}],"replies":[{"embeddable":true,"href":"https:\/\/provinciadigital.com.ar\/index.php?rest_route=%2Fwp%2Fv2%2Fcomments&post=5635"}],"version-history":[{"count":1,"href":"https:\/\/provinciadigital.com.ar\/index.php?rest_route=\/wp\/v2\/posts\/5635\/revisions"}],"predecessor-version":[{"id":5637,"href":"https:\/\/provinciadigital.com.ar\/index.php?rest_route=\/wp\/v2\/posts\/5635\/revisions\/5637"}],"wp:featuredmedia":[{"embeddable":true,"href":"https:\/\/provinciadigital.com.ar\/index.php?rest_route=\/wp\/v2\/media\/5636"}],"wp:attachment":[{"href":"https:\/\/provinciadigital.com.ar\/index.php?rest_route=%2Fwp%2Fv2%2Fmedia&parent=5635"}],"wp:term":[{"taxonomy":"category","embeddable":true,"href":"https:\/\/provinciadigital.com.ar\/index.php?rest_route=%2Fwp%2Fv2%2Fcategories&post=5635"},{"taxonomy":"post_tag","embeddable":true,"href":"https:\/\/provinciadigital.com.ar\/index.php?rest_route=%2Fwp%2Fv2%2Ftags&post=5635"}],"curies":[{"name":"wp","href":"https:\/\/api.w.org\/{rel}","templated":true}]}}