{"id":5639,"date":"2025-06-11T16:58:43","date_gmt":"2025-06-11T16:58:43","guid":{"rendered":"https:\/\/provinciadigital.com.ar\/?p=5639"},"modified":"2025-06-11T16:58:44","modified_gmt":"2025-06-11T16:58:44","slug":"cristina-kirchner-condenada-repercusiones-politicas-escenario-judicial-y-apoyo-militante-tras-el-fallo-de-la-corte-suprema","status":"publish","type":"post","link":"https:\/\/provinciadigital.com.ar\/?p=5639","title":{"rendered":"Cristina Kirchner condenada: repercusiones pol\u00edticas, escenario judicial y apoyo militante tras el fallo de la Corte Suprema"},"content":{"rendered":"\n<h1 class=\"wp-block-heading\"><\/h1>\n\n\n\n<h2 class=\"wp-block-heading\">La Corte Suprema ratific\u00f3 la condena por corrupci\u00f3n en la causa Vialidad, inhabilit\u00f3 a la expresidenta de por vida para ejercer cargos p\u00fablicos y dej\u00f3 abierta la puerta a su detenci\u00f3n. Reacciones pol\u00edticas, tensiones sociales y el futuro inmediato de la exmandataria.<\/h2>\n\n\n\n<p>En un fallo hist\u00f3rico que sacudi\u00f3 al sistema pol\u00edtico argentino, la Corte Suprema de Justicia dej\u00f3 firme la condena contra Cristina Fern\u00e1ndez de Kirchner en la causa Vialidad. La ex presidenta y actual titular del Partido Justicialista recibi\u00f3 una pena de seis a\u00f1os de prisi\u00f3n e inhabilitaci\u00f3n perpetua para ejercer cargos p\u00fablicos por su responsabilidad en una maniobra de corrupci\u00f3n durante sus mandatos.<\/p>\n\n\n\n<p>El d\u00eda despu\u00e9s del fallo estuvo marcado por manifestaciones militantes, repercusiones internacionales, tensiones sociales y un clima de fuerte polarizaci\u00f3n pol\u00edtica. La cobertura minuto a minuto de los hechos fue seguida de cerca por los principales medios del pa\u00eds y el mundo.<\/p>\n\n\n\n<hr class=\"wp-block-separator has-alpha-channel-opacity\"\/>\n\n\n\n<h2 class=\"wp-block-heading\">Un fallo clave para la justicia argentina<\/h2>\n\n\n\n<p>La condena de Cristina Kirchner hab\u00eda sido dictada en 2022 por el Tribunal Oral Federal N.\u00ba 2, que encontr\u00f3 a la exmandataria culpable de administraci\u00f3n fraudulenta agravada en perjuicio del Estado. El fallo fue apelado ante instancias superiores hasta llegar finalmente a la Corte Suprema, que lo ratific\u00f3 el martes 10 de junio de 2025, dando por concluido el proceso judicial ordinario.<\/p>\n\n\n\n<p>El m\u00e1ximo tribunal tambi\u00e9n dej\u00f3 firme la inhabilitaci\u00f3n perpetua para ejercer cargos p\u00fablicos, lo que desat\u00f3 una nueva ola de discusiones sobre el alcance pol\u00edtico de la medida. Si bien la sentencia no utiliza el t\u00e9rmino \u201cproscripci\u00f3n\u201d, dirigentes kirchneristas sostienen que se trata de una maniobra para impedir la participaci\u00f3n pol\u00edtica de su figura m\u00e1s influyente.<\/p>\n\n\n\n<hr class=\"wp-block-separator has-alpha-channel-opacity\"\/>\n\n\n\n<h2 class=\"wp-block-heading\">\u00bfIr\u00e1 presa Cristina Kirchner?<\/h2>\n\n\n\n<p>Tras el fallo, los fiscales Diego Luciani y Sergio Mola solicitaron la detenci\u00f3n inmediata de la expresidenta. Sin embargo, el juez Jorge Gorini rechaz\u00f3 el pedido y estableci\u00f3 que Cristina Kirchner tiene cinco d\u00edas h\u00e1biles para presentarse ante la Justicia. Su defensa anunci\u00f3 que solicitar\u00e1 cumplir la condena en su domicilio del barrio Constituci\u00f3n, bajo custodia y sin tobillera electr\u00f3nica.<\/p>\n\n\n\n<p>Este punto reabre el debate sobre el cumplimiento efectivo de penas en figuras de alto perfil pol\u00edtico, y se esperan resoluciones adicionales en los pr\u00f3ximos d\u00edas que determinar\u00e1n si la exmandataria puede acogerse a prisi\u00f3n domiciliaria debido a su edad y estado de salud.<\/p>\n\n\n\n<hr class=\"wp-block-separator has-alpha-channel-opacity\"\/>\n\n\n\n<h2 class=\"wp-block-heading\">Reacciones y repercusiones pol\u00edticas<\/h2>\n\n\n\n<h3 class=\"wp-block-heading\">Apoyo desde el kirchnerismo<\/h3>\n\n\n\n<p>Distintas figuras del espacio kirchnerista salieron a respaldar p\u00fablicamente a Cristina Kirchner. Oscar Parrilli afirm\u00f3 que \u201cla han puesto de nuevo en el centro de la escena\u201d, mientras que Juliana Di Tullio sostuvo que la exmandataria \u201cseguir\u00e1 conduciendo, no importa d\u00f3nde la quieran meter presa\u201d.<\/p>\n\n\n\n<p>El gobernador de La Rioja, Ricardo Quintela, y el PJ de Formosa tambi\u00e9n emitieron comunicados se\u00f1alando que el fallo representa \u201cuna gravedad institucional\u201d y \u201cun ataque a la soberan\u00eda popular\u201d.<\/p>\n\n\n\n<p>En las calles, militantes de La C\u00e1mpora y de agrupaciones peronistas se concentraron desde la noche del martes frente al domicilio de Cristina Kirchner. Algunos incidentes se registraron durante la jornada, incluyendo el ataque a la sede del canal TN, donde result\u00f3 da\u00f1ado el veh\u00edculo del periodista Marcelo Bonelli.<\/p>\n\n\n\n<h3 class=\"wp-block-heading\">Voces opositoras y equilibrio judicial<\/h3>\n\n\n\n<p>Desde el oficialismo y sectores de la oposici\u00f3n, en cambio, hubo apoyo al fallo. El gobernador de Santa Fe, Maximiliano Pullaro, remarc\u00f3 que \u201cesto no es proscripci\u00f3n, es justicia\u201d. El senador Luis Juez (PRO) fue m\u00e1s provocador: \u201cLa semana pasada algunos la desafiaban, hoy no le tocan el culo ni con una ca\u00f1a de pescar\u201d, sentenci\u00f3, aunque advirti\u00f3 que la centralidad de Cristina podr\u00eda fortalecerse pol\u00edticamente.<\/p>\n\n\n\n<hr class=\"wp-block-separator has-alpha-channel-opacity\"\/>\n\n\n\n<h2 class=\"wp-block-heading\">Impacto internacional<\/h2>\n\n\n\n<p>El fallo fue replicado por medios de gran alcance mundial. El <strong>New York Times<\/strong> titul\u00f3: <em>\u201cUn tit\u00e1n pol\u00edtico en Argentina es condenado a prisi\u00f3n\u201d<\/em>, destacando el car\u00e1cter hist\u00f3rico del caso. En Am\u00e9rica Latina, la presidenta de M\u00e9xico, Claudia Sheinbaum, expres\u00f3 su solidaridad con Cristina Kirchner y consider\u00f3 que se trata de un \u201casunto pol\u00edtico\u201d.<\/p>\n\n\n\n<p>Se espera que otros gobiernos de la regi\u00f3n \u2014como el de Colombia o Brasil\u2014 emitan comunicados conjuntos en las pr\u00f3ximas horas. A nivel diplom\u00e1tico, el fallo podr\u00eda tensionar v\u00ednculos con algunos aliados internacionales del peronismo.<\/p>\n\n\n\n<hr class=\"wp-block-separator has-alpha-channel-opacity\"\/>\n\n\n\n<h2 class=\"wp-block-heading\">La causa Vialidad: origen, pruebas y sentencia<\/h2>\n\n\n\n<p>La causa Vialidad investig\u00f3 la adjudicaci\u00f3n irregular de obras p\u00fablicas en Santa Cruz durante los gobiernos de N\u00e9stor y Cristina Kirchner, entre 2003 y 2015. Seg\u00fan la Justicia, se desvi\u00f3 el equivalente a $85.000 millones en contratos dirigidos principalmente a empresas del empresario L\u00e1zaro B\u00e1ez, con v\u00ednculos cercanos a la familia Kirchner.<\/p>\n\n\n\n<p>Los jueces consideraron probada una \u201cfenomenal maniobra defraudatoria\u201d y exigieron la restituci\u00f3n de los fondos al Estado. En este contexto, la Corte utiliz\u00f3 el concepto de \u201cprofusa prueba\u201d, criticado por el exministro de la Corte Eugenio Zaffaroni, quien calific\u00f3 el fallo como \u201clawfare\u201d y compar\u00f3 el caso con el de Rafael Correa en Ecuador.<\/p>\n\n\n\n<hr class=\"wp-block-separator has-alpha-channel-opacity\"\/>\n\n\n\n<h2 class=\"wp-block-heading\">El futuro del peronismo y la centralidad de Cristina<\/h2>\n\n\n\n<p>La escena pol\u00edtica argentina entra ahora en una fase de incertidumbre. Aunque inhabilitada, Cristina Kirchner sigue siendo la figura con mayor peso simb\u00f3lico dentro del kirchnerismo. Su presencia genera adhesi\u00f3n y rechazo en partes iguales, y muchos especulan con un nuevo proceso de \u201cresistencia peronista\u201d liderado por ella desde fuera de los cargos p\u00fablicos.<\/p>\n\n\n\n<p>En paralelo, se discute qui\u00e9n tomar\u00e1 la posta en la conducci\u00f3n del PJ y del espacio Uni\u00f3n por la Patria, en medio de una crisis de liderazgos y la necesidad de reorganizaci\u00f3n ante un panorama judicial que parece irreversible.<\/p>\n\n\n\n<hr class=\"wp-block-separator has-alpha-channel-opacity\"\/>\n\n\n\n<h2 class=\"wp-block-heading\">Cuadro comparativo: qu\u00e9 significa cada parte del fallo<\/h2>\n\n\n\n<figure class=\"wp-block-table\"><table><thead><tr><th>Elemento del fallo<\/th><th>Detalle<\/th><\/tr><\/thead><tbody><tr><td><strong>Delito<\/strong><\/td><td>Administraci\u00f3n fraudulenta agravada contra la administraci\u00f3n p\u00fablica<\/td><\/tr><tr><td><strong>Condena<\/strong><\/td><td>6 a\u00f1os de prisi\u00f3n de cumplimiento efectivo<\/td><\/tr><tr><td><strong>Inhabilitaci\u00f3n<\/strong><\/td><td>Perpetua para ejercer cargos p\u00fablicos<\/td><\/tr><tr><td><strong>Monto econ\u00f3mico<\/strong><\/td><td>Restituci\u00f3n al Estado de $85.000 millones<\/td><\/tr><tr><td><strong>Cumplimiento<\/strong><\/td><td>Cristina deber\u00e1 presentarse en 5 d\u00edas h\u00e1biles; pidi\u00f3 arresto domiciliario<\/td><\/tr><tr><td><strong>Estado actual<\/strong><\/td><td>No detenida, pendiente de resoluci\u00f3n sobre lugar de cumplimiento<\/td><\/tr><\/tbody><\/table><\/figure>\n\n\n\n<hr class=\"wp-block-separator has-alpha-channel-opacity\"\/>\n\n\n\n<h2 class=\"wp-block-heading\">Conclusi\u00f3n<\/h2>\n\n\n\n<p>La confirmaci\u00f3n de la condena a Cristina Kirchner marca un punto de inflexi\u00f3n para la pol\u00edtica argentina. Con implicancias jur\u00eddicas, institucionales y sociales, el fallo de la Corte Suprema no solo clausura un cap\u00edtulo judicial, sino que abre nuevos interrogantes sobre el futuro del peronismo, el equilibrio de poderes y la relaci\u00f3n entre la Justicia y la pol\u00edtica en Argentina.<\/p>\n","protected":false},"excerpt":{"rendered":"<p>La Corte Suprema ratific\u00f3 la condena por corrupci\u00f3n en la causa Vialidad, inhabilit\u00f3 a la expresidenta de por vida para ejercer cargos p\u00fablicos y dej\u00f3 abierta la puerta a su detenci\u00f3n. Reacciones pol\u00edticas, tensiones sociales y el futuro inmediato de la exmandataria. En un fallo hist\u00f3rico que sacudi\u00f3 al sistema pol\u00edtico argentino, la Corte Suprema [&hellip;]<\/p>\n","protected":false},"author":3,"featured_media":5640,"comment_status":"open","ping_status":"open","sticky":false,"template":"","format":"standard","meta":{"footnotes":""},"categories":[129],"tags":[],"class_list":{"0":"post-5639","1":"post","2":"type-post","3":"status-publish","4":"format-standard","5":"has-post-thumbnail","7":"category-nacionales"},"_links":{"self":[{"href":"https:\/\/provinciadigital.com.ar\/index.php?rest_route=\/wp\/v2\/posts\/5639","targetHints":{"allow":["GET"]}}],"collection":[{"href":"https:\/\/provinciadigital.com.ar\/index.php?rest_route=\/wp\/v2\/posts"}],"about":[{"href":"https:\/\/provinciadigital.com.ar\/index.php?rest_route=\/wp\/v2\/types\/post"}],"author":[{"embeddable":true,"href":"https:\/\/provinciadigital.com.ar\/index.php?rest_route=\/wp\/v2\/users\/3"}],"replies":[{"embeddable":true,"href":"https:\/\/provinciadigital.com.ar\/index.php?rest_route=%2Fwp%2Fv2%2Fcomments&post=5639"}],"version-history":[{"count":1,"href":"https:\/\/provinciadigital.com.ar\/index.php?rest_route=\/wp\/v2\/posts\/5639\/revisions"}],"predecessor-version":[{"id":5641,"href":"https:\/\/provinciadigital.com.ar\/index.php?rest_route=\/wp\/v2\/posts\/5639\/revisions\/5641"}],"wp:featuredmedia":[{"embeddable":true,"href":"https:\/\/provinciadigital.com.ar\/index.php?rest_route=\/wp\/v2\/media\/5640"}],"wp:attachment":[{"href":"https:\/\/provinciadigital.com.ar\/index.php?rest_route=%2Fwp%2Fv2%2Fmedia&parent=5639"}],"wp:term":[{"taxonomy":"category","embeddable":true,"href":"https:\/\/provinciadigital.com.ar\/index.php?rest_route=%2Fwp%2Fv2%2Fcategories&post=5639"},{"taxonomy":"post_tag","embeddable":true,"href":"https:\/\/provinciadigital.com.ar\/index.php?rest_route=%2Fwp%2Fv2%2Ftags&post=5639"}],"curies":[{"name":"wp","href":"https:\/\/api.w.org\/{rel}","templated":true}]}}