{"id":5642,"date":"2025-06-11T17:01:34","date_gmt":"2025-06-11T17:01:34","guid":{"rendered":"https:\/\/provinciadigital.com.ar\/?p=5642"},"modified":"2025-06-11T17:01:35","modified_gmt":"2025-06-11T17:01:35","slug":"comenzo-la-renovacion-integral-de-la-plaza-vicente-lopez-y-planes","status":"publish","type":"post","link":"https:\/\/provinciadigital.com.ar\/?p=5642","title":{"rendered":"Comenz\u00f3 la renovaci\u00f3n integral de la Plaza Vicente L\u00f3pez y Planes"},"content":{"rendered":"\n<h1 class=\"wp-block-heading\"><\/h1>\n\n\n\n<h2 class=\"wp-block-heading\">El municipio apuesta a recuperar uno de los espacios verdes m\u00e1s emblem\u00e1ticos de Olivos, con foco en el patrimonio hist\u00f3rico, el uso vecinal y la mejora ambiental. Habr\u00e1 juegos nuevos, un memorial y conservaci\u00f3n del arbolado.<\/h2>\n\n\n\n<p>El Municipio de Vicente L\u00f3pez dio inicio a las obras de puesta en valor de la Plaza Vicente L\u00f3pez y Planes, en el coraz\u00f3n del barrio de Olivos. Se trata de una intervenci\u00f3n integral que apunta a restaurar este tradicional espacio verde, s\u00edmbolo del distrito, con un enfoque que combina criterios t\u00e9cnicos de conservaci\u00f3n patrimonial, participaci\u00f3n vecinal y mejoras funcionales para el uso cotidiano.<\/p>\n\n\n\n<p>La intendenta Soledad Mart\u00ednez recorri\u00f3 el lugar junto a vecinos y profesionales, y destac\u00f3 la relevancia de este proyecto: \u201cEstamos en plena renovaci\u00f3n de la Plaza Vicente L\u00f3pez y Planes, la m\u00e1s importante y la m\u00e1s central del barrio, que re\u00fane mucha de la historia de Vicente L\u00f3pez y de la historia argentina\u201d.<\/p>\n\n\n\n<hr class=\"wp-block-separator has-alpha-channel-opacity\"\/>\n\n\n\n<h2 class=\"wp-block-heading\">Patrimonio hist\u00f3rico y natural: eje del proyecto<\/h2>\n\n\n\n<p>La intervenci\u00f3n, dirigida por la arquitecta Alicia Aguil\u00e1, especialista en recuperaci\u00f3n de espacios p\u00fablicos con valor hist\u00f3rico, fue dise\u00f1ada en conjunto entre el equipo municipal, vecinos, organizaciones barriales y expertos en patrimonio.<\/p>\n\n\n\n<p>Se conservar\u00e1n los principales \u00edconos de la plaza, como el <strong>Olivo Reto\u00f1o de Jerusal\u00e9n<\/strong>, el <strong>Monumento a Vicente L\u00f3pez y Planes<\/strong>, la tradicional <strong>calesita<\/strong>, y se restaurar\u00e1n con t\u00e9cnicas especializadas los <strong>monumentos y placas hist\u00f3ricas<\/strong>, algunos de ellos con m\u00e1s de medio siglo de antig\u00fcedad.<\/p>\n\n\n\n<p>En ese sentido, se construir\u00e1 un nuevo <strong>Memorial Hist\u00f3rico<\/strong>, donde se reunir\u00e1n y pondr\u00e1n en valor las placas conmemorativas que a lo largo de los a\u00f1os fueron instaladas en la plaza, muchas de ellas hoy dispersas y deterioradas. Adem\u00e1s, se renovar\u00e1 el <strong>monumento a los ca\u00eddos en defensa de las Islas Malvinas<\/strong>, con un nuevo entorno paisaj\u00edstico y un tratamiento respetuoso de su simbolog\u00eda.<\/p>\n\n\n\n<hr class=\"wp-block-separator has-alpha-channel-opacity\"\/>\n\n\n\n<h2 class=\"wp-block-heading\">M\u00e1s verde, m\u00e1s vida: cuidado ambiental y renovaci\u00f3n del espacio<\/h2>\n\n\n\n<p>Uno de los pilares del plan es la restauraci\u00f3n del <strong>patrimonio natural<\/strong>. Se realizar\u00e1n estudios t\u00e9cnicos con radiograf\u00edas arb\u00f3reas para evaluar el estado de cada ejemplar, evitando talas innecesarias y promoviendo el cuidado del arbolado.<\/p>\n\n\n\n<p>Adem\u00e1s, se recuperar\u00e1 el c\u00e9sped en toda la superficie, se renovar\u00e1n los canteros con especies nativas y se instalar\u00e1 <strong>nuevo mobiliario urbano<\/strong>: bancos de descanso, mesas de juego, cestos de basura y bebederos. Tambi\u00e9n se har\u00e1 una revisi\u00f3n t\u00e9cnica de los <strong>faroles hist\u00f3ricos<\/strong>, combinando seguridad con est\u00e9tica tradicional.<\/p>\n\n\n\n<hr class=\"wp-block-separator has-alpha-channel-opacity\"\/>\n\n\n\n<h2 class=\"wp-block-heading\">Un espacio renovado para todas las edades<\/h2>\n\n\n\n<p>La plaza contar\u00e1 con un <strong>nuevo sector de juegos infantiles<\/strong>, m\u00e1s amplio, moderno y seguro. Estar\u00e1 equipado con estructuras adaptadas a distintas edades, con pisos de goma antigolpes y elementos inclusivos para garantizar la accesibilidad a todos los ni\u00f1os y ni\u00f1as.<\/p>\n\n\n\n<p>Las veredas, senderos internos y entradas ser\u00e1n <strong>totalmente refaccionadas<\/strong>, mejorando la circulaci\u00f3n peatonal y respetando los caminos originales de la plaza. Esto permitir\u00e1 que personas mayores o con movilidad reducida puedan acceder a todos los sectores de forma c\u00f3moda y segura.<\/p>\n\n\n\n<hr class=\"wp-block-separator has-alpha-channel-opacity\"\/>\n\n\n\n<h2 class=\"wp-block-heading\">Participaci\u00f3n ciudadana y trabajo en conjunto<\/h2>\n\n\n\n<p>La iniciativa fue construida a partir de un di\u00e1logo abierto con la comunidad. Participaron activamente <strong>vecinos frentistas<\/strong>, representantes de la <strong>Asociaci\u00f3n de Pioneros de Vicente L\u00f3pez<\/strong>, y miembros de la <strong>Comisi\u00f3n del Museo Hist\u00f3rico Municipal<\/strong>. Tambi\u00e9n se tuvieron en cuenta encuestas sobre los usos actuales de la plaza, que incluyeron propuestas para sumar espacios de juego, lugares de descanso y zonas de sombra.<\/p>\n\n\n\n<p>\u201cLa participaci\u00f3n de los vecinos es clave para estos proyectos. Esta no es una obra m\u00e1s: es una de las m\u00e1s importantes del a\u00f1o, porque representa la memoria viva del barrio. Renovamos sin perder el alma del lugar\u201d, afirm\u00f3 la intendenta Mart\u00ednez.<\/p>\n\n\n\n<hr class=\"wp-block-separator has-alpha-channel-opacity\"\/>\n\n\n\n<h2 class=\"wp-block-heading\">Cuadro resumen: principales cambios en la plaza<\/h2>\n\n\n\n<figure class=\"wp-block-table\"><table><thead><tr><th>Aspecto renovado<\/th><th>Detalle<\/th><\/tr><\/thead><tbody><tr><td><strong>Juegos infantiles<\/strong><\/td><td>Nuevos, seguros, accesibles y adaptados a distintas edades<\/td><\/tr><tr><td><strong>Monumentos y placas<\/strong><\/td><td>Restauraci\u00f3n integral y Memorial Hist\u00f3rico unificado<\/td><\/tr><tr><td><strong>Arbolado y naturaleza<\/strong><\/td><td>Estudio t\u00e9cnico individual, sin talas innecesarias, c\u00e9sped y canteros<\/td><\/tr><tr><td><strong>Mobiliario urbano<\/strong><\/td><td>Bancos, mesas, cestos, bebederos y luminarias hist\u00f3ricas restauradas<\/td><\/tr><tr><td><strong>Veredas y senderos<\/strong><\/td><td>Renovaci\u00f3n completa, accesibilidad y respeto a los trazados originales<\/td><\/tr><tr><td><strong>Identidad y patrimonio<\/strong><\/td><td>Conservaci\u00f3n de s\u00edmbolos clave como el Olivo de Jerusal\u00e9n y la calesita<\/td><\/tr><\/tbody><\/table><\/figure>\n\n\n\n<hr class=\"wp-block-separator has-alpha-channel-opacity\"\/>\n\n\n\n<h2 class=\"wp-block-heading\">Un modelo de renovaci\u00f3n con mirada a largo plazo<\/h2>\n\n\n\n<p>La intervenci\u00f3n en la Plaza Vicente L\u00f3pez y Planes se enmarca dentro del <strong>Plan Integral de Recuperaci\u00f3n de Espacios Verdes<\/strong> del municipio, que busca garantizar el acceso de todos los vecinos a plazas y parques de calidad, seguros, funcionales y con identidad propia.<\/p>\n\n\n\n<p>\u201cEl espacio p\u00fablico es donde compartimos lo cotidiano, donde los chicos juegan, los abuelos pasean, las familias se encuentran. Por eso, cada plaza que renovamos no es solo cemento o pasto nuevo: es una inversi\u00f3n en comunidad\u201d, concluy\u00f3 Mart\u00ednez.<\/p>\n","protected":false},"excerpt":{"rendered":"<p>El municipio apuesta a recuperar uno de los espacios verdes m\u00e1s emblem\u00e1ticos de Olivos, con foco en el patrimonio hist\u00f3rico, el uso vecinal y la mejora ambiental. Habr\u00e1 juegos nuevos, un memorial y conservaci\u00f3n del arbolado. El Municipio de Vicente L\u00f3pez dio inicio a las obras de puesta en valor de la Plaza Vicente L\u00f3pez [&hellip;]<\/p>\n","protected":false},"author":3,"featured_media":5643,"comment_status":"open","ping_status":"open","sticky":false,"template":"","format":"standard","meta":{"footnotes":""},"categories":[21],"tags":[],"class_list":{"0":"post-5642","1":"post","2":"type-post","3":"status-publish","4":"format-standard","5":"has-post-thumbnail","7":"category-municipio"},"_links":{"self":[{"href":"https:\/\/provinciadigital.com.ar\/index.php?rest_route=\/wp\/v2\/posts\/5642","targetHints":{"allow":["GET"]}}],"collection":[{"href":"https:\/\/provinciadigital.com.ar\/index.php?rest_route=\/wp\/v2\/posts"}],"about":[{"href":"https:\/\/provinciadigital.com.ar\/index.php?rest_route=\/wp\/v2\/types\/post"}],"author":[{"embeddable":true,"href":"https:\/\/provinciadigital.com.ar\/index.php?rest_route=\/wp\/v2\/users\/3"}],"replies":[{"embeddable":true,"href":"https:\/\/provinciadigital.com.ar\/index.php?rest_route=%2Fwp%2Fv2%2Fcomments&post=5642"}],"version-history":[{"count":1,"href":"https:\/\/provinciadigital.com.ar\/index.php?rest_route=\/wp\/v2\/posts\/5642\/revisions"}],"predecessor-version":[{"id":5644,"href":"https:\/\/provinciadigital.com.ar\/index.php?rest_route=\/wp\/v2\/posts\/5642\/revisions\/5644"}],"wp:featuredmedia":[{"embeddable":true,"href":"https:\/\/provinciadigital.com.ar\/index.php?rest_route=\/wp\/v2\/media\/5643"}],"wp:attachment":[{"href":"https:\/\/provinciadigital.com.ar\/index.php?rest_route=%2Fwp%2Fv2%2Fmedia&parent=5642"}],"wp:term":[{"taxonomy":"category","embeddable":true,"href":"https:\/\/provinciadigital.com.ar\/index.php?rest_route=%2Fwp%2Fv2%2Fcategories&post=5642"},{"taxonomy":"post_tag","embeddable":true,"href":"https:\/\/provinciadigital.com.ar\/index.php?rest_route=%2Fwp%2Fv2%2Ftags&post=5642"}],"curies":[{"name":"wp","href":"https:\/\/api.w.org\/{rel}","templated":true}]}}