{"id":5648,"date":"2025-06-12T18:00:39","date_gmt":"2025-06-12T18:00:39","guid":{"rendered":"https:\/\/provinciadigital.com.ar\/?p=5648"},"modified":"2025-06-12T18:00:40","modified_gmt":"2025-06-12T18:00:40","slug":"golpe-al-narcomenudeo-en-garin-cinco-detenidos-y-mas-de-un-centenar-de-dosis-secuestradas","status":"publish","type":"post","link":"https:\/\/provinciadigital.com.ar\/?p=5648","title":{"rendered":"Golpe al narcomenudeo en Gar\u00edn: cinco detenidos y m\u00e1s de un centenar de dosis secuestradas"},"content":{"rendered":"\n<p><strong>El operativo fue posible gracias a una denuncia an\u00f3nima y al trabajo conjunto entre la Polic\u00eda Bonaerense, la Polic\u00eda Municipal y la Justicia<\/strong><\/p>\n\n\n\n<p>Un operativo antidrogas llevado adelante en la localidad de Gar\u00edn culmin\u00f3 con la detenci\u00f3n de cinco personas mayores de edad y el secuestro de una importante cantidad de estupefacientes fraccionados para su comercializaci\u00f3n. La investigaci\u00f3n se origin\u00f3 a partir de un llamado an\u00f3nimo a la l\u00ednea municipal <em>Escobar Sin Drogas<\/em>, y deriv\u00f3 en un procedimiento coordinado entre la Polic\u00eda Bonaerense, la Polic\u00eda Municipal y el Poder Judicial.<\/p>\n\n\n\n<h3 class=\"wp-block-heading\">Secuestros y detenciones<\/h3>\n\n\n\n<p>Durante el allanamiento se incautaron <strong>130 envoltorios de coca\u00edna<\/strong>, <strong>marihuana fraccionada<\/strong>, <strong>dinero en efectivo<\/strong>, <strong>balanzas de precisi\u00f3n<\/strong>, <strong>tel\u00e9fonos celulares<\/strong> y otros elementos de inter\u00e9s para la causa. Entre los detenidos hay <strong>tres hombres y dos mujeres<\/strong>, todos vinculados a una red de venta de drogas al menudeo que operaba en la zona.<\/p>\n\n\n\n<h3 class=\"wp-block-heading\">Despliegue policial coordinado<\/h3>\n\n\n\n<p>El operativo fue ejecutado por efectivos del <strong>Grupo de Operaciones Especiales (GOE)<\/strong>, la <strong>Direcci\u00f3n Canina K9<\/strong>, el <strong>Cuerpo de Operaciones Especiales (COE)<\/strong> de la Polic\u00eda Municipal, la <strong>Estaci\u00f3n de Polic\u00eda Departamental de Seguridad (EPDS) de Escobar<\/strong>, el <strong>Comando de Patrullas Escobar<\/strong>, la <strong>Comisar\u00eda 3\u00aa<\/strong> y el <strong>Grupo T\u00e1ctico Operativo (GTO)<\/strong>. Las tareas de inteligencia previas permitieron obtener las \u00f3rdenes de allanamiento por parte de la Justicia.<\/p>\n\n\n\n<h3 class=\"wp-block-heading\">Declaraciones del intendente<\/h3>\n\n\n\n<p>Tras el \u00e9xito del operativo, el intendente Ariel Sujarchuk expres\u00f3:<\/p>\n\n\n\n<blockquote class=\"wp-block-quote is-layout-flow wp-block-quote-is-layout-flow\">\n<p>\u201cLos vecinos avisaron. El Municipio denunci\u00f3. La Justicia investig\u00f3. La Polic\u00eda actu\u00f3. Seguimos aplicando mano firme e inteligente contra los delincuentes, y todo el rigor de la ley para garantizar la seguridad\u201d.<\/p>\n<\/blockquote>\n\n\n\n<h3 class=\"wp-block-heading\">Canales de denuncia<\/h3>\n\n\n\n<p>El Municipio de Escobar record\u00f3 que quienes deseen denunciar hechos vinculados al narcotr\u00e1fico o a la inseguridad pueden hacerlo de manera an\u00f3nima y segura a trav\u00e9s del programa <strong>Ojos y O\u00eddos en Alerta<\/strong> (<a class=\"\" href=\"http:\/\/www.escobar360.gob.ar\">www.escobar360.gob.ar<\/a>) o la l\u00ednea telef\u00f3nica <strong>Escobar Sin Drogas<\/strong>: 0800-555-3473.<\/p>\n","protected":false},"excerpt":{"rendered":"<p>El operativo fue posible gracias a una denuncia an\u00f3nima y al trabajo conjunto entre la Polic\u00eda Bonaerense, la Polic\u00eda Municipal y la Justicia Un operativo antidrogas llevado adelante en la localidad de Gar\u00edn culmin\u00f3 con la detenci\u00f3n de cinco personas mayores de edad y el secuestro de una importante cantidad de estupefacientes fraccionados para su [&hellip;]<\/p>\n","protected":false},"author":3,"featured_media":5649,"comment_status":"open","ping_status":"open","sticky":false,"template":"","format":"standard","meta":{"footnotes":""},"categories":[21],"tags":[],"class_list":{"0":"post-5648","1":"post","2":"type-post","3":"status-publish","4":"format-standard","5":"has-post-thumbnail","7":"category-municipio"},"_links":{"self":[{"href":"https:\/\/provinciadigital.com.ar\/index.php?rest_route=\/wp\/v2\/posts\/5648","targetHints":{"allow":["GET"]}}],"collection":[{"href":"https:\/\/provinciadigital.com.ar\/index.php?rest_route=\/wp\/v2\/posts"}],"about":[{"href":"https:\/\/provinciadigital.com.ar\/index.php?rest_route=\/wp\/v2\/types\/post"}],"author":[{"embeddable":true,"href":"https:\/\/provinciadigital.com.ar\/index.php?rest_route=\/wp\/v2\/users\/3"}],"replies":[{"embeddable":true,"href":"https:\/\/provinciadigital.com.ar\/index.php?rest_route=%2Fwp%2Fv2%2Fcomments&post=5648"}],"version-history":[{"count":1,"href":"https:\/\/provinciadigital.com.ar\/index.php?rest_route=\/wp\/v2\/posts\/5648\/revisions"}],"predecessor-version":[{"id":5650,"href":"https:\/\/provinciadigital.com.ar\/index.php?rest_route=\/wp\/v2\/posts\/5648\/revisions\/5650"}],"wp:featuredmedia":[{"embeddable":true,"href":"https:\/\/provinciadigital.com.ar\/index.php?rest_route=\/wp\/v2\/media\/5649"}],"wp:attachment":[{"href":"https:\/\/provinciadigital.com.ar\/index.php?rest_route=%2Fwp%2Fv2%2Fmedia&parent=5648"}],"wp:term":[{"taxonomy":"category","embeddable":true,"href":"https:\/\/provinciadigital.com.ar\/index.php?rest_route=%2Fwp%2Fv2%2Fcategories&post=5648"},{"taxonomy":"post_tag","embeddable":true,"href":"https:\/\/provinciadigital.com.ar\/index.php?rest_route=%2Fwp%2Fv2%2Ftags&post=5648"}],"curies":[{"name":"wp","href":"https:\/\/api.w.org\/{rel}","templated":true}]}}