{"id":5651,"date":"2025-06-12T18:02:24","date_gmt":"2025-06-12T18:02:24","guid":{"rendered":"https:\/\/provinciadigital.com.ar\/?p=5651"},"modified":"2025-06-12T18:24:30","modified_gmt":"2025-06-12T18:24:30","slug":"desempleo-en-caba-mas-de-130-000-personas-sin-trabajo-en-un-contexto-de-caida-industrial-y-desigualdades-persistentesel-78-de-la-poblacion-activa-esta-desocupada-la-zona-sur-las-mujeres-y-los-jove","status":"publish","type":"post","link":"https:\/\/provinciadigital.com.ar\/?p=5651","title":{"rendered":"Desempleo en CABA: m\u00e1s de 130.000 personas sin trabajo en un contexto de ca\u00edda industrial y desigualdades persistentes."},"content":{"rendered":"\n<p>El 7,8% de la poblaci\u00f3n activa est\u00e1 desocupada; la Zona Sur, las mujeres y los j\u00f3venes, entre los m\u00e1s afectados<\/p>\n\n\n\n<p>El desempleo en la Ciudad Aut\u00f3noma de Buenos Aires alcanz\u00f3 al <strong>7,8% de la poblaci\u00f3n econ\u00f3micamente activa (PEA)<\/strong> durante el primer trimestre de 2025, lo que representa <strong>132.000 personas sin trabajo<\/strong>. As\u00ed lo revel\u00f3 el informe del Instituto de Estad\u00edsticas y Censos de la Ciudad (IDECBA), que alert\u00f3 adem\u00e1s sobre las <strong>desigualdades por g\u00e9nero, zona de residencia y edad<\/strong>.<\/p>\n\n\n\n<h3 class=\"wp-block-heading\">Empleo estancado y subocupaci\u00f3n en aumento<\/h3>\n\n\n\n<p>Aunque la <strong>tasa de empleo se mantuvo en 57,6%<\/strong> y la <strong>actividad creci\u00f3 levemente del 62,2% al 62,5%<\/strong>, el mercado laboral porte\u00f1o muestra signos de fragilidad. La <strong>subocupaci\u00f3n horaria<\/strong> \u2014personas que trabajan menos de 35 horas semanales por razones involuntarias\u2014 se ubic\u00f3 en <strong>8,7%<\/strong>, lo que representa un aumento de <strong>1,2 puntos porcentuales respecto al a\u00f1o anterior<\/strong>.<\/p>\n\n\n\n<p>A su vez, <strong>el 11,8% de quienes tienen trabajo est\u00e1n buscando otro empleo<\/strong>, y casi un tercio de ese grupo (30,9%) est\u00e1 subocupado. Esto da cuenta de la precarizaci\u00f3n y la falta de oportunidades laborales plenas en la Ciudad.<\/p>\n\n\n\n<h3 class=\"wp-block-heading\">Mujeres, j\u00f3venes y la Zona Sur: los m\u00e1s golpeados<\/h3>\n\n\n\n<p>El informe confirma persistentes <strong>brechas estructurales<\/strong>. La <strong>desocupaci\u00f3n femenina alcanza el 8,6%<\/strong>, frente al <strong>7,1% entre los varones<\/strong>. A nivel territorial, la <strong>Zona Sur<\/strong> de la Ciudad presenta la mayor tasa de desempleo, con <strong>un 10,9%<\/strong>, bastante por encima del promedio general.<\/p>\n\n\n\n<p>Tambi\u00e9n se observan <strong>diferencias marcadas en la participaci\u00f3n laboral por edad<\/strong>:<\/p>\n\n\n\n<ul class=\"wp-block-list\">\n<li>J\u00f3venes hasta 24 a\u00f1os: <strong>28,8%<\/strong> de tasa de actividad<\/li>\n\n\n\n<li>Adultos entre 25 y 49 a\u00f1os: <strong>90,9%<\/strong><\/li>\n\n\n\n<li>Personas de 65 a\u00f1os o m\u00e1s: <strong>22,7%<\/strong><\/li>\n<\/ul>\n\n\n\n<h3 class=\"wp-block-heading\">Ca\u00edda en industria y construcci\u00f3n, crecimiento en servicios<\/h3>\n\n\n\n<p>Seg\u00fan el relevamiento, <strong>el 74,9% del empleo se concentra en el sector de Servicios<\/strong>, seguido por el <strong>Comercio (14,7%)<\/strong> y reci\u00e9n luego por <strong>Industria y Construcci\u00f3n (9,6%)<\/strong>. Esta \u00faltima categor\u00eda evidenci\u00f3 una <strong>ca\u00edda interanual en los puestos de trabajo<\/strong>, a contramano del crecimiento en el sector terciario.<\/p>\n\n\n\n<h3 class=\"wp-block-heading\">Condiciones de empleo: estancamiento y precariedad<\/h3>\n\n\n\n<p>En cuanto a las condiciones laborales:<\/p>\n\n\n\n<ul class=\"wp-block-list\">\n<li><strong>El 74,5% de la poblaci\u00f3n ocupada es asalariada<\/strong>, sin cambios interanuales.<\/li>\n\n\n\n<li>El <strong>74,6% tiene cobertura jubilatoria<\/strong>, mientras que el <strong>25,4% restante no recibe aportes previsionales<\/strong>.<\/li>\n\n\n\n<li>El <strong>7,6% de los asalariados (excluido servicio dom\u00e9stico) trabaja bajo contratos temporales<\/strong>, una reducci\u00f3n respecto del 10,3% del a\u00f1o pasado.<\/li>\n\n\n\n<li>La <strong>poblaci\u00f3n cuentapropista<\/strong> representa el <strong>20,8%<\/strong>, sin variaciones.<\/li>\n<\/ul>\n\n\n\n<h3 class=\"wp-block-heading\">Inactividad por razones personales y tareas de cuidado<\/h3>\n\n\n\n<p>El 86,3% de las personas inactivas (que no buscan empleo) se\u00f1alaron causas personales como tareas de cuidado, salud u otras razones no relacionadas con el mercado laboral. Solo un <strong>8,2%<\/strong> dijo haber abandonado la b\u00fasqueda de empleo por motivos vinculados al entorno econ\u00f3mico o falta de oportunidades.<\/p>\n","protected":false},"excerpt":{"rendered":"<p>El 7,8% de la poblaci\u00f3n activa est\u00e1 desocupada; la Zona Sur, las mujeres y los j\u00f3venes, entre los m\u00e1s afectados El desempleo en la Ciudad Aut\u00f3noma de Buenos Aires alcanz\u00f3 al 7,8% de la poblaci\u00f3n econ\u00f3micamente activa (PEA) durante el primer trimestre de 2025, lo que representa 132.000 personas sin trabajo. As\u00ed lo revel\u00f3 el [&hellip;]<\/p>\n","protected":false},"author":3,"featured_media":5652,"comment_status":"open","ping_status":"open","sticky":false,"template":"","format":"standard","meta":{"footnotes":""},"categories":[21],"tags":[],"class_list":{"0":"post-5651","1":"post","2":"type-post","3":"status-publish","4":"format-standard","5":"has-post-thumbnail","7":"category-municipio"},"_links":{"self":[{"href":"https:\/\/provinciadigital.com.ar\/index.php?rest_route=\/wp\/v2\/posts\/5651","targetHints":{"allow":["GET"]}}],"collection":[{"href":"https:\/\/provinciadigital.com.ar\/index.php?rest_route=\/wp\/v2\/posts"}],"about":[{"href":"https:\/\/provinciadigital.com.ar\/index.php?rest_route=\/wp\/v2\/types\/post"}],"author":[{"embeddable":true,"href":"https:\/\/provinciadigital.com.ar\/index.php?rest_route=\/wp\/v2\/users\/3"}],"replies":[{"embeddable":true,"href":"https:\/\/provinciadigital.com.ar\/index.php?rest_route=%2Fwp%2Fv2%2Fcomments&post=5651"}],"version-history":[{"count":2,"href":"https:\/\/provinciadigital.com.ar\/index.php?rest_route=\/wp\/v2\/posts\/5651\/revisions"}],"predecessor-version":[{"id":5657,"href":"https:\/\/provinciadigital.com.ar\/index.php?rest_route=\/wp\/v2\/posts\/5651\/revisions\/5657"}],"wp:featuredmedia":[{"embeddable":true,"href":"https:\/\/provinciadigital.com.ar\/index.php?rest_route=\/wp\/v2\/media\/5652"}],"wp:attachment":[{"href":"https:\/\/provinciadigital.com.ar\/index.php?rest_route=%2Fwp%2Fv2%2Fmedia&parent=5651"}],"wp:term":[{"taxonomy":"category","embeddable":true,"href":"https:\/\/provinciadigital.com.ar\/index.php?rest_route=%2Fwp%2Fv2%2Fcategories&post=5651"},{"taxonomy":"post_tag","embeddable":true,"href":"https:\/\/provinciadigital.com.ar\/index.php?rest_route=%2Fwp%2Fv2%2Ftags&post=5651"}],"curies":[{"name":"wp","href":"https:\/\/api.w.org\/{rel}","templated":true}]}}