{"id":5716,"date":"2025-07-01T16:23:58","date_gmt":"2025-07-01T16:23:58","guid":{"rendered":"https:\/\/provinciadigital.com.ar\/?p=5716"},"modified":"2025-07-01T16:23:58","modified_gmt":"2025-07-01T16:23:58","slug":"kicillof-tras-el-fallo-contra-argentina-por-ypf-la-entrega-avanza","status":"publish","type":"post","link":"https:\/\/provinciadigital.com.ar\/?p=5716","title":{"rendered":"Kicillof tras el fallo contra Argentina por YPF: \u201cLa entrega avanza\u201d"},"content":{"rendered":"\n<h1 class=\"wp-block-heading\"><\/h1>\n\n\n\n<h2 class=\"wp-block-heading\">El gobernador bonaerense critic\u00f3 duramente al Gobierno nacional por su postura frente al litigio con fondos buitre y denunci\u00f3 una \u201cintolerable intromisi\u00f3n\u201d en la soberan\u00eda nacional<\/h2>\n\n\n\n<p>El gobernador de la provincia de Buenos Aires, Axel Kicillof, expres\u00f3 su <strong>en\u00e9rgico rechazo<\/strong> al reciente fallo de una jueza de Estados Unidos que ordena al Estado argentino entregar el 51% de las acciones y el control de <strong>YPF<\/strong> a fondos de inversi\u00f3n que litigaron contra la Argentina. A trav\u00e9s de un mensaje publicado en la red social X (ex Twitter), el exministro de Econom\u00eda calific\u00f3 la resoluci\u00f3n como <strong>\u201cun disparate jur\u00eddico\u201d<\/strong> y una grave amenaza a la soberan\u00eda nacional.<\/p>\n\n\n\n<h3 class=\"wp-block-heading\">Cr\u00edticas al fallo y acusaciones contra Milei<\/h3>\n\n\n\n<p>Kicillof vincul\u00f3 directamente la sentencia con la pol\u00edtica exterior del presidente Javier Milei, a quien acus\u00f3 de actuar como aliado de los poderes financieros internacionales.<\/p>\n\n\n\n<blockquote class=\"wp-block-quote is-layout-flow wp-block-quote-is-layout-flow\">\n<p>\u201cLo m\u00e1s peligroso es que el propio presidente argentino elige ponerse del lado de los poderes extranjeros y no del lado de los intereses nacionales que debe representar y proteger\u201d, escribi\u00f3.<\/p>\n<\/blockquote>\n\n\n\n<p>El gobernador tambi\u00e9n ironiz\u00f3 sobre la reciente aparici\u00f3n del presidente en un canal de streaming, en la que luc\u00eda un mameluco con el logo de una empresa privada. Seg\u00fan Kicillof, este gesto simboliza la disposici\u00f3n del Gobierno a <strong>entregar activos estrat\u00e9gicos<\/strong> del pa\u00eds.<\/p>\n\n\n\n<blockquote class=\"wp-block-quote is-layout-flow wp-block-quote-is-layout-flow\">\n<p>\u201cA esta altura, qu\u00e9 duda cabe de que este Gobierno \u2018Nacional\u2019 no defiende a la Argentina\u201d, remat\u00f3, citando adem\u00e1s declaraciones de un referente libertario que habr\u00eda manifestado su intenci\u00f3n de <strong>privatizar YPF<\/strong>.<\/p>\n<\/blockquote>\n\n\n\n<hr class=\"wp-block-separator has-alpha-channel-opacity\"\/>\n\n\n\n<h3 class=\"wp-block-heading\">YPF y Vaca Muerta, en el centro del debate<\/h3>\n\n\n\n<p>Kicillof record\u00f3 que fue durante su gesti\u00f3n como ministro de Econom\u00eda en 2012 cuando se impuls\u00f3 la <strong>expropiaci\u00f3n del 51% de las acciones de YPF<\/strong>, lo que permiti\u00f3 a la petrolera retomar inversiones, aumentar la producci\u00f3n y generar empleo.<\/p>\n\n\n\n<blockquote class=\"wp-block-quote is-layout-flow wp-block-quote-is-layout-flow\">\n<p>\u201cVaca Muerta se convirti\u00f3 en un potencial que todos reconocen porque se recuper\u00f3 YPF\u201d, se\u00f1al\u00f3, en referencia al enorme yacimiento de hidrocarburos no convencionales cuya explotaci\u00f3n fue potenciada gracias al control estatal de la compa\u00f1\u00eda.<\/p>\n<\/blockquote>\n\n\n\n<p>En ese sentido, alert\u00f3 que el nuevo fallo judicial y la postura del oficialismo actual ponen en riesgo los avances logrados, acusando a Milei de actuar como <strong>\u201cel topo en la Casa Rosada\u201d<\/strong> por, seg\u00fan sus palabras, ceder ante presiones extranjeras.<\/p>\n\n\n\n<hr class=\"wp-block-separator has-alpha-channel-opacity\"\/>\n\n\n\n<h3 class=\"wp-block-heading\">\u201cYPF no se vende\u201d<\/h3>\n\n\n\n<p>El mandatario bonaerense cerr\u00f3 su mensaje con una consigna contundente:<\/p>\n\n\n\n<blockquote class=\"wp-block-quote is-layout-flow wp-block-quote-is-layout-flow\">\n<p>\u201cYPF no se vende\u201d.<\/p>\n<\/blockquote>\n\n\n\n<p>De esta forma, Kicillof se posiciona como uno de los principales referentes de la oposici\u00f3n frente a una posible ofensiva privatizadora, en un contexto en el que la causa judicial por la expropiaci\u00f3n de YPF vuelve a generar tensiones pol\u00edticas y cuestionamientos al rumbo del Gobierno nacional en materia energ\u00e9tica y de soberan\u00eda.<\/p>\n","protected":false},"excerpt":{"rendered":"<p>El gobernador bonaerense critic\u00f3 duramente al Gobierno nacional por su postura frente al litigio con fondos buitre y denunci\u00f3 una \u201cintolerable intromisi\u00f3n\u201d en la soberan\u00eda nacional El gobernador de la provincia de Buenos Aires, Axel Kicillof, expres\u00f3 su en\u00e9rgico rechazo al reciente fallo de una jueza de Estados Unidos que ordena al Estado argentino entregar [&hellip;]<\/p>\n","protected":false},"author":3,"featured_media":5717,"comment_status":"open","ping_status":"open","sticky":false,"template":"","format":"standard","meta":{"footnotes":""},"categories":[21],"tags":[],"class_list":{"0":"post-5716","1":"post","2":"type-post","3":"status-publish","4":"format-standard","5":"has-post-thumbnail","7":"category-municipio"},"_links":{"self":[{"href":"https:\/\/provinciadigital.com.ar\/index.php?rest_route=\/wp\/v2\/posts\/5716","targetHints":{"allow":["GET"]}}],"collection":[{"href":"https:\/\/provinciadigital.com.ar\/index.php?rest_route=\/wp\/v2\/posts"}],"about":[{"href":"https:\/\/provinciadigital.com.ar\/index.php?rest_route=\/wp\/v2\/types\/post"}],"author":[{"embeddable":true,"href":"https:\/\/provinciadigital.com.ar\/index.php?rest_route=\/wp\/v2\/users\/3"}],"replies":[{"embeddable":true,"href":"https:\/\/provinciadigital.com.ar\/index.php?rest_route=%2Fwp%2Fv2%2Fcomments&post=5716"}],"version-history":[{"count":1,"href":"https:\/\/provinciadigital.com.ar\/index.php?rest_route=\/wp\/v2\/posts\/5716\/revisions"}],"predecessor-version":[{"id":5718,"href":"https:\/\/provinciadigital.com.ar\/index.php?rest_route=\/wp\/v2\/posts\/5716\/revisions\/5718"}],"wp:featuredmedia":[{"embeddable":true,"href":"https:\/\/provinciadigital.com.ar\/index.php?rest_route=\/wp\/v2\/media\/5717"}],"wp:attachment":[{"href":"https:\/\/provinciadigital.com.ar\/index.php?rest_route=%2Fwp%2Fv2%2Fmedia&parent=5716"}],"wp:term":[{"taxonomy":"category","embeddable":true,"href":"https:\/\/provinciadigital.com.ar\/index.php?rest_route=%2Fwp%2Fv2%2Fcategories&post=5716"},{"taxonomy":"post_tag","embeddable":true,"href":"https:\/\/provinciadigital.com.ar\/index.php?rest_route=%2Fwp%2Fv2%2Ftags&post=5716"}],"curies":[{"name":"wp","href":"https:\/\/api.w.org\/{rel}","templated":true}]}}