{"id":5719,"date":"2025-07-01T16:25:14","date_gmt":"2025-07-01T16:25:14","guid":{"rendered":"https:\/\/provinciadigital.com.ar\/?p=5719"},"modified":"2025-07-01T16:25:15","modified_gmt":"2025-07-01T16:25:15","slug":"ola-de-aumentos-en-julio-el-frio-tambien-llega-a-los-bolsillos","status":"publish","type":"post","link":"https:\/\/provinciadigital.com.ar\/?p=5719","title":{"rendered":"Ola de aumentos en julio: el fr\u00edo tambi\u00e9n llega a los bolsillos"},"content":{"rendered":"\n<h1 class=\"wp-block-heading\"><\/h1>\n\n\n\n<h2 class=\"wp-block-heading\">Alquileres, colectivos, colegios, prepagas, combustibles y servicios: una nueva ronda de incrementos impactar\u00e1 en la inflaci\u00f3n y el consumo<\/h2>\n\n\n\n<p>El inicio de julio viene acompa\u00f1ado por una serie de aumentos en rubros clave que golpear\u00e1n el bolsillo de los argentinos en pleno invierno. Aunque el Gobierno insiste en que la inflaci\u00f3n contin\u00faa en un sendero descendente, lo cierto es que las subas autorizadas o previstas en distintos sectores consolidan una presi\u00f3n constante sobre el \u00cdndice de Precios al Consumidor (IPC).<\/p>\n\n\n\n<h3 class=\"wp-block-heading\">Alquileres: actualizaci\u00f3n anual del 66,1%<\/h3>\n\n\n\n<p>Los inquilinos con contratos regidos por la derogada Ley de Alquileres enfrentar\u00e1n en julio una actualizaci\u00f3n del 66,1% seg\u00fan el \u00cdndice de Contratos de Locaci\u00f3n (ICL). Si bien el ajuste sigue siendo elevado, marca una tendencia a la baja respecto de meses anteriores.<\/p>\n\n\n\n<p><strong>Evoluci\u00f3n del ajuste por ICL:<\/strong><\/p>\n\n\n\n<figure class=\"wp-block-table\"><table><thead><tr><th>Mes<\/th><th>% de aumento<\/th><\/tr><\/thead><tbody><tr><td>Julio<\/td><td>66,1%<\/td><\/tr><tr><td>Junio<\/td><td>80,6%<\/td><\/tr><tr><td>Mayo<\/td><td>95,24%<\/td><\/tr><tr><td>Abril<\/td><td>116,85%<\/td><\/tr><tr><td>Marzo<\/td><td>149,3%<\/td><\/tr><tr><td>Febrero<\/td><td>174%<\/td><\/tr><tr><td>Enero<\/td><td>190,69%<\/td><\/tr><\/tbody><\/table><\/figure>\n\n\n\n<h3 class=\"wp-block-heading\">Transporte p\u00fablico: nuevas tarifas en colectivos<\/h3>\n\n\n\n<p><strong>\u00c1rea Metropolitana de Buenos Aires (AMBA)<\/strong><br>El boleto de colectivos en el AMBA subir\u00e1 el <strong>16 de julio<\/strong>, con un aumento del <strong>6%<\/strong>, completando el ajuste trimestral anunciado por el Gobierno. Las tarifas oscilar\u00e1n entre <strong>$451,01 y $618,35<\/strong>.<\/p>\n\n\n\n<p><strong>CABA y Provincia de Buenos Aires<\/strong><br>Desde el 1\u00b0 de julio, los boletos aumentan un <strong>3,5%<\/strong>, y costar\u00e1n entre <strong>$489,61 y $629,50<\/strong>, seg\u00fan la distancia y la jurisdicci\u00f3n.<\/p>\n\n\n\n<h3 class=\"wp-block-heading\">Educaci\u00f3n: subas en colegios privados<\/h3>\n\n\n\n<ul class=\"wp-block-list\">\n<li>En la <strong>Provincia de Buenos Aires<\/strong>, los colegios privados con subvenci\u00f3n aplicar\u00e1n un aumento del <strong>4,2%<\/strong> en julio.<\/li>\n\n\n\n<li>En la <strong>Ciudad Aut\u00f3noma de Buenos Aires<\/strong>, el ajuste ser\u00e1 del <strong>2,4%<\/strong>.<\/li>\n<\/ul>\n\n\n\n<h3 class=\"wp-block-heading\">Combustibles: YPF define su suba<\/h3>\n\n\n\n<p>La <strong>nafta y el gasoil<\/strong> aumentar\u00e1n en julio debido a la actualizaci\u00f3n del impuesto a los combustibles l\u00edquidos y al di\u00f3xido de carbono. Mientras las petroleras privadas ya aplicaron aumentos cercanos al 5%, <strong>YPF a\u00fan no confirm\u00f3 su porcentaje<\/strong>, aunque se estima que ser\u00e1 inferior, dado el reciente descenso del precio internacional del crudo.<\/p>\n\n\n\n<h3 class=\"wp-block-heading\">Salud: nuevos ajustes en las prepagas<\/h3>\n\n\n\n<p>Los planes de salud privados tendr\u00e1n un aumento que ir\u00e1 del <strong>1,2% al 2,6%<\/strong>, seg\u00fan la empresa. El ajuste se enmarca en la pol\u00edtica de actualizaciones mensuales por inflaci\u00f3n autorizada por la Superintendencia de Servicios de Salud.<\/p>\n\n\n\n<h3 class=\"wp-block-heading\">Servicios p\u00fablicos: siguen los aumentos<\/h3>\n\n\n\n<p>Las tarifas de <strong>electricidad, gas natural y agua<\/strong> llegar\u00e1n en julio con nuevos incrementos mensuales, en l\u00ednea con la inflaci\u00f3n. Adem\u00e1s, se mantiene vigente el esquema de segmentaci\u00f3n tarifaria, aunque con menor cobertura tras la eliminaci\u00f3n de algunos subsidios.<\/p>\n\n\n\n<h3 class=\"wp-block-heading\">Telecomunicaciones: subas mensuales<\/h3>\n\n\n\n<p>Los servicios de <strong>telefon\u00eda celular, cable e internet<\/strong> aumentar\u00e1n en torno al <strong>5%<\/strong>. Tras el fin de las regulaciones impuestas por el gobierno anterior, las empresas aplican ajustes mensuales sin intervenci\u00f3n estatal.<\/p>\n\n\n\n<hr class=\"wp-block-separator has-alpha-channel-opacity\"\/>\n\n\n\n<h2 class=\"wp-block-heading\">Impacto esperado<\/h2>\n\n\n\n<p>Aunque el Gobierno nacional sostiene que el proceso de <strong>desinflaci\u00f3n<\/strong> contin\u00faa, los ajustes autorizados en servicios regulados y bienes de consumo masivo suman presi\u00f3n sobre el \u00edndice general de precios. En este contexto, <strong>la inflaci\u00f3n de julio podr\u00eda mostrar un leve repunte<\/strong>, especialmente en rubros como vivienda, transporte y salud.<\/p>\n","protected":false},"excerpt":{"rendered":"<p>Alquileres, colectivos, colegios, prepagas, combustibles y servicios: una nueva ronda de incrementos impactar\u00e1 en la inflaci\u00f3n y el consumo El inicio de julio viene acompa\u00f1ado por una serie de aumentos en rubros clave que golpear\u00e1n el bolsillo de los argentinos en pleno invierno. Aunque el Gobierno insiste en que la inflaci\u00f3n contin\u00faa en un sendero [&hellip;]<\/p>\n","protected":false},"author":3,"featured_media":5720,"comment_status":"open","ping_status":"open","sticky":false,"template":"","format":"standard","meta":{"footnotes":""},"categories":[129],"tags":[],"class_list":{"0":"post-5719","1":"post","2":"type-post","3":"status-publish","4":"format-standard","5":"has-post-thumbnail","7":"category-nacionales"},"_links":{"self":[{"href":"https:\/\/provinciadigital.com.ar\/index.php?rest_route=\/wp\/v2\/posts\/5719","targetHints":{"allow":["GET"]}}],"collection":[{"href":"https:\/\/provinciadigital.com.ar\/index.php?rest_route=\/wp\/v2\/posts"}],"about":[{"href":"https:\/\/provinciadigital.com.ar\/index.php?rest_route=\/wp\/v2\/types\/post"}],"author":[{"embeddable":true,"href":"https:\/\/provinciadigital.com.ar\/index.php?rest_route=\/wp\/v2\/users\/3"}],"replies":[{"embeddable":true,"href":"https:\/\/provinciadigital.com.ar\/index.php?rest_route=%2Fwp%2Fv2%2Fcomments&post=5719"}],"version-history":[{"count":1,"href":"https:\/\/provinciadigital.com.ar\/index.php?rest_route=\/wp\/v2\/posts\/5719\/revisions"}],"predecessor-version":[{"id":5721,"href":"https:\/\/provinciadigital.com.ar\/index.php?rest_route=\/wp\/v2\/posts\/5719\/revisions\/5721"}],"wp:featuredmedia":[{"embeddable":true,"href":"https:\/\/provinciadigital.com.ar\/index.php?rest_route=\/wp\/v2\/media\/5720"}],"wp:attachment":[{"href":"https:\/\/provinciadigital.com.ar\/index.php?rest_route=%2Fwp%2Fv2%2Fmedia&parent=5719"}],"wp:term":[{"taxonomy":"category","embeddable":true,"href":"https:\/\/provinciadigital.com.ar\/index.php?rest_route=%2Fwp%2Fv2%2Fcategories&post=5719"},{"taxonomy":"post_tag","embeddable":true,"href":"https:\/\/provinciadigital.com.ar\/index.php?rest_route=%2Fwp%2Fv2%2Ftags&post=5719"}],"curies":[{"name":"wp","href":"https:\/\/api.w.org\/{rel}","templated":true}]}}