{"id":5722,"date":"2025-07-03T00:50:01","date_gmt":"2025-07-03T00:50:01","guid":{"rendered":"https:\/\/provinciadigital.com.ar\/?p=5722"},"modified":"2025-07-03T00:50:02","modified_gmt":"2025-07-03T00:50:02","slug":"kicillof-celebro-los-15-anos-del-programa-envion-con-un-fuerte-respaldo-a-las-politicas-sociales-para-jovenes","status":"publish","type":"post","link":"https:\/\/provinciadigital.com.ar\/?p=5722","title":{"rendered":"Kicillof celebr\u00f3 los 15 a\u00f1os del programa Envi\u00f3n con un fuerte respaldo a las pol\u00edticas sociales para j\u00f3venes"},"content":{"rendered":"\n<h1 class=\"wp-block-heading\"><\/h1>\n\n\n\n<h2 class=\"wp-block-heading\">\u201cDuplicamos la cantidad de chicos y chicas que participan del programa\u201d, destac\u00f3 el gobernador en un multitudinario acto en Avellaneda<\/h2>\n\n\n\n<p>El gobernador Axel Kicillof encabez\u00f3 este mi\u00e9rcoles el acto por el 15\u00b0 aniversario del programa <strong>Envi\u00f3n<\/strong>, en el municipio de <strong>Avellaneda<\/strong>, junto a m\u00e1s de 4.000 j\u00f3venes bonaerenses. La jornada fue una muestra del respaldo del gobierno provincial a las pol\u00edticas sociales que buscan acompa\u00f1ar y fortalecer las trayectorias de vida de adolescentes y j\u00f3venes en situaci\u00f3n de vulnerabilidad.<\/p>\n\n\n\n<p>Durante el evento, Kicillof afirm\u00f3:<\/p>\n\n\n\n<blockquote class=\"wp-block-quote is-layout-flow wp-block-quote-is-layout-flow\">\n<p>\u201cDesde que asumimos, hemos fortalecido la inversi\u00f3n hasta duplicar la cantidad de chicos y chicas que forman parte del programa Envi\u00f3n. Aquellos que hablan de destruir el Estado desde adentro deber\u00edan recorrer sus sedes para ver c\u00f3mo una pol\u00edtica p\u00fablica puede generar m\u00e1s solidaridad y un mejor futuro\u201d.<\/p>\n<\/blockquote>\n\n\n\n<h3 class=\"wp-block-heading\">Un programa clave para la inclusi\u00f3n<\/h3>\n\n\n\n<p>Creado en 2010, Envi\u00f3n acompa\u00f1a a j\u00f3venes de <strong>12 a 21 a\u00f1os<\/strong> con pol\u00edticas educativas, alimentarias y de salud, promoviendo tambi\u00e9n la formaci\u00f3n en oficios y la construcci\u00f3n de espacios de participaci\u00f3n comunitaria. Actualmente, el programa alcanza a m\u00e1s de <strong>73 mil j\u00f3venes<\/strong> en toda la provincia de Buenos Aires.<\/p>\n\n\n\n<p>El ministro de Desarrollo de la Comunidad, <strong>Andr\u00e9s Larroque<\/strong>, remarc\u00f3 el esfuerzo del gobierno bonaerense en el contexto del ajuste nacional:<\/p>\n\n\n\n<blockquote class=\"wp-block-quote is-layout-flow wp-block-quote-is-layout-flow\">\n<p>\u201cLo hacemos a pesar de todas las dificultades, porque sabemos que los j\u00f3venes encuentran en estos espacios un lugar donde integrarse, expresarse y sentirse reconocidos\u201d.<\/p>\n<\/blockquote>\n\n\n\n<h3 class=\"wp-block-heading\">Muestra provincial y entrega de subsidios<\/h3>\n\n\n\n<p>Durante la jornada en Avellaneda se realiz\u00f3 una <strong>muestra de proyectos<\/strong> desarrollados por los participantes del programa, que incluy\u00f3 stands gastron\u00f3micos, carpinter\u00eda, herrer\u00eda y jardiner\u00eda. Adem\u00e1s, se entregaron subsidios para fortalecer sedes de Envi\u00f3n en <strong>Avellaneda, Ituzaing\u00f3<\/strong> y para la <strong>Asociaci\u00f3n Civil Por Nuestras Ra\u00edces<\/strong>.<\/p>\n\n\n\n<p>El intendente Jorge Ferraresi destac\u00f3 la mirada inclusiva de la iniciativa:<\/p>\n\n\n\n<blockquote class=\"wp-block-quote is-layout-flow wp-block-quote-is-layout-flow\">\n<p>\u201cEl programa Envi\u00f3n se pens\u00f3 y dise\u00f1\u00f3 escuchando a los chicos y las chicas. Por eso tiene una mirada sensible sobre sus realidades. Agradecemos al Gobierno de la Provincia por seguir impulsando esta herramienta\u201d.<\/p>\n<\/blockquote>\n\n\n\n<h3 class=\"wp-block-heading\">Un Estado presente frente al ajuste<\/h3>\n\n\n\n<p>Kicillof cerr\u00f3 su discurso con una defensa de las pol\u00edticas p\u00fablicas orientadas a los j\u00f3venes:<\/p>\n\n\n\n<blockquote class=\"wp-block-quote is-layout-flow wp-block-quote-is-layout-flow\">\n<p>\u201cSabemos que hay miles de pibes y pibas que est\u00e1n dispuestos a defender sus derechos. Con ese mandato, vamos a seguir invirtiendo todos los recursos que est\u00e9n a nuestro alcance para que haya m\u00e1s oportunidades en la provincia de Buenos Aires\u201d.<\/p>\n<\/blockquote>\n","protected":false},"excerpt":{"rendered":"<p>\u201cDuplicamos la cantidad de chicos y chicas que participan del programa\u201d, destac\u00f3 el gobernador en un multitudinario acto en Avellaneda El gobernador Axel Kicillof encabez\u00f3 este mi\u00e9rcoles el acto por el 15\u00b0 aniversario del programa Envi\u00f3n, en el municipio de Avellaneda, junto a m\u00e1s de 4.000 j\u00f3venes bonaerenses. La jornada fue una muestra del respaldo [&hellip;]<\/p>\n","protected":false},"author":3,"featured_media":5723,"comment_status":"open","ping_status":"open","sticky":false,"template":"","format":"standard","meta":{"footnotes":""},"categories":[20],"tags":[],"class_list":{"0":"post-5722","1":"post","2":"type-post","3":"status-publish","4":"format-standard","5":"has-post-thumbnail","7":"category-provincia"},"_links":{"self":[{"href":"https:\/\/provinciadigital.com.ar\/index.php?rest_route=\/wp\/v2\/posts\/5722","targetHints":{"allow":["GET"]}}],"collection":[{"href":"https:\/\/provinciadigital.com.ar\/index.php?rest_route=\/wp\/v2\/posts"}],"about":[{"href":"https:\/\/provinciadigital.com.ar\/index.php?rest_route=\/wp\/v2\/types\/post"}],"author":[{"embeddable":true,"href":"https:\/\/provinciadigital.com.ar\/index.php?rest_route=\/wp\/v2\/users\/3"}],"replies":[{"embeddable":true,"href":"https:\/\/provinciadigital.com.ar\/index.php?rest_route=%2Fwp%2Fv2%2Fcomments&post=5722"}],"version-history":[{"count":1,"href":"https:\/\/provinciadigital.com.ar\/index.php?rest_route=\/wp\/v2\/posts\/5722\/revisions"}],"predecessor-version":[{"id":5724,"href":"https:\/\/provinciadigital.com.ar\/index.php?rest_route=\/wp\/v2\/posts\/5722\/revisions\/5724"}],"wp:featuredmedia":[{"embeddable":true,"href":"https:\/\/provinciadigital.com.ar\/index.php?rest_route=\/wp\/v2\/media\/5723"}],"wp:attachment":[{"href":"https:\/\/provinciadigital.com.ar\/index.php?rest_route=%2Fwp%2Fv2%2Fmedia&parent=5722"}],"wp:term":[{"taxonomy":"category","embeddable":true,"href":"https:\/\/provinciadigital.com.ar\/index.php?rest_route=%2Fwp%2Fv2%2Fcategories&post=5722"},{"taxonomy":"post_tag","embeddable":true,"href":"https:\/\/provinciadigital.com.ar\/index.php?rest_route=%2Fwp%2Fv2%2Ftags&post=5722"}],"curies":[{"name":"wp","href":"https:\/\/api.w.org\/{rel}","templated":true}]}}