{"id":5746,"date":"2025-07-04T17:13:50","date_gmt":"2025-07-04T17:13:50","guid":{"rendered":"https:\/\/provinciadigital.com.ar\/?p=5746"},"modified":"2025-07-04T17:13:50","modified_gmt":"2025-07-04T17:13:50","slug":"el-mid-marca-distancia-de-la-libertad-avanza-y-reclama-un-giro-hacia-el-desarrollo-economico","status":"publish","type":"post","link":"https:\/\/provinciadigital.com.ar\/?p=5746","title":{"rendered":"El MID marca distancia de La Libertad Avanza y reclama un giro hacia el desarrollo econ\u00f3mico"},"content":{"rendered":"\n<p><strong>Eduardo Falcone advirti\u00f3 que el ajuste &#8220;lleg\u00f3 a su l\u00edmite&#8221; y confirm\u00f3 que el partido integrar\u00e1 otra alianza electoral distinta al oficialismo<\/strong><\/p>\n\n\n\n<p>El diputado nacional del Movimiento de Integraci\u00f3n y Desarrollo (MID), Eduardo Falcone, reconoci\u00f3 p\u00fablicamente que su espacio se est\u00e1 &#8220;separando&#8221; de La Libertad Avanza (LLA), tanto por razones pol\u00edticas como electorales. En declaraciones radiales, sostuvo que \u201cla etapa del ajuste ya est\u00e1 llegando a un l\u00edmite\u201d y reclam\u00f3 que el Gobierno encare una nueva fase centrada en el crecimiento econ\u00f3mico y el desarrollo productivo.<\/p>\n\n\n\n<p><strong>Descontento con el oficialismo y cr\u00edticas al armado electoral<\/strong><\/p>\n\n\n\n<p>Durante una entrevista en el programa <em>Sin Corbata<\/em> (Radio Splendid AM 990), Falcone argument\u00f3 que la ruptura con el oficialismo no se debe a diferencias con el presidente Javier Milei en persona, sino con el bloque legislativo y la estructura partidaria de LLA. \u201cElectoralmente ellos decidieron hacer un partido en base a la estructura del Estado, con todos gerentes del PAMI y de AnSES. No quieren hacer un frente con otros partidos aliados\u201d, critic\u00f3.<\/p>\n\n\n\n<p>En ese sentido, adelant\u00f3 que el MID ya no acompa\u00f1ar\u00e1 a LLA en las pr\u00f3ximas elecciones: \u201cNosotros vamos a ir con otra alianza distinta por las situaciones que se han producido. Nos estamos separando de LLA\u201d.<\/p>\n\n\n\n<p><strong>Un modelo agotado y llamado al crecimiento<\/strong><\/p>\n\n\n\n<p>Falcone enfatiz\u00f3 que la pol\u00edtica de ajuste econ\u00f3mico implementada por el Gobierno nacional \u201cest\u00e1 llegando a un l\u00edmite\u201d y reclam\u00f3 medidas activas para fomentar el desarrollo. \u201cNo nos vamos a aguantar dos a\u00f1os m\u00e1s en esta situaci\u00f3n\u201d, advirti\u00f3. Seg\u00fan el legislador, la contenci\u00f3n social tiene que complementarse con pol\u00edticas productivas, sobre todo para reactivar sectores como la industria, las pymes y la construcci\u00f3n.<\/p>\n\n\n\n<p>Adem\u00e1s, diferenci\u00f3 la evoluci\u00f3n de distintos sectores econ\u00f3micos: \u201cLa baja de la inflaci\u00f3n es un logro del Gobierno, pero hay clases medias que pagan la tarjeta con d\u00f3lares del colch\u00f3n. Hay sectores populares con mejoras por la AUH, pero tambi\u00e9n hay ramas productivas que sufren\u201d.<\/p>\n\n\n\n<p><strong>Voto opositor y cr\u00edticas internas<\/strong><\/p>\n\n\n\n<p>El distanciamiento del MID qued\u00f3 expuesto en la \u00faltima sesi\u00f3n parlamentaria, cuando sus tres diputados votaron junto a la oposici\u00f3n para emplazar comisiones y tratar las leyes de financiamiento del Hospital Garrahan y de las universidades. \u201cEs indigno que los residentes del Garrahan y los jubilados de la m\u00ednima ganen miseria mientras hay jubilaciones de privilegio por 15 o 20 millones de pesos\u201d, cuestion\u00f3 Falcone.<\/p>\n\n\n\n<p>En esa l\u00ednea, cuestion\u00f3 al presidente de la Comisi\u00f3n de Presupuesto, Jos\u00e9 Luis Espert, por ignorar el proyecto del MID que propone eliminar todos los reg\u00edmenes jubilatorios especiales.<\/p>\n\n\n\n<p><strong>Respaldo parcial a Milei y a la racionalizaci\u00f3n estatal<\/strong><\/p>\n\n\n\n<p>A pesar de las diferencias, Falcone respald\u00f3 la pol\u00edtica de ajuste del Estado, aunque critic\u00f3 sus m\u00e9todos. \u201cEl kirchnerismo llev\u00f3 el Estado del 25% al 45% del PBI. Todo burocratizado. Hab\u00eda que racionalizarlo. Pod\u00edamos discutir las formas, pero hasta Massa lo planteaba\u201d, se\u00f1al\u00f3.<\/p>\n\n\n\n<p><strong>Perspectiva del MID<\/strong><\/p>\n\n\n\n<p>El MID, una fuerza de tradici\u00f3n desarrollista, comenz\u00f3 el a\u00f1o como aliado de LLA, pero su cr\u00edtica creciente a la falta de apertura pol\u00edtica y al rumbo econ\u00f3mico anticipa una reconfiguraci\u00f3n del mapa electoral. La postura de Falcone marca una l\u00ednea clara: sin crecimiento, la estabilidad no alcanza.<\/p>\n","protected":false},"excerpt":{"rendered":"<p>Eduardo Falcone advirti\u00f3 que el ajuste &#8220;lleg\u00f3 a su l\u00edmite&#8221; y confirm\u00f3 que el partido integrar\u00e1 otra alianza electoral distinta al oficialismo El diputado nacional del Movimiento de Integraci\u00f3n y Desarrollo (MID), Eduardo Falcone, reconoci\u00f3 p\u00fablicamente que su espacio se est\u00e1 &#8220;separando&#8221; de La Libertad Avanza (LLA), tanto por razones pol\u00edticas como electorales. En declaraciones [&hellip;]<\/p>\n","protected":false},"author":3,"featured_media":5747,"comment_status":"open","ping_status":"open","sticky":false,"template":"","format":"standard","meta":{"footnotes":""},"categories":[21],"tags":[],"class_list":{"0":"post-5746","1":"post","2":"type-post","3":"status-publish","4":"format-standard","5":"has-post-thumbnail","7":"category-municipio"},"_links":{"self":[{"href":"https:\/\/provinciadigital.com.ar\/index.php?rest_route=\/wp\/v2\/posts\/5746","targetHints":{"allow":["GET"]}}],"collection":[{"href":"https:\/\/provinciadigital.com.ar\/index.php?rest_route=\/wp\/v2\/posts"}],"about":[{"href":"https:\/\/provinciadigital.com.ar\/index.php?rest_route=\/wp\/v2\/types\/post"}],"author":[{"embeddable":true,"href":"https:\/\/provinciadigital.com.ar\/index.php?rest_route=\/wp\/v2\/users\/3"}],"replies":[{"embeddable":true,"href":"https:\/\/provinciadigital.com.ar\/index.php?rest_route=%2Fwp%2Fv2%2Fcomments&post=5746"}],"version-history":[{"count":1,"href":"https:\/\/provinciadigital.com.ar\/index.php?rest_route=\/wp\/v2\/posts\/5746\/revisions"}],"predecessor-version":[{"id":5748,"href":"https:\/\/provinciadigital.com.ar\/index.php?rest_route=\/wp\/v2\/posts\/5746\/revisions\/5748"}],"wp:featuredmedia":[{"embeddable":true,"href":"https:\/\/provinciadigital.com.ar\/index.php?rest_route=\/wp\/v2\/media\/5747"}],"wp:attachment":[{"href":"https:\/\/provinciadigital.com.ar\/index.php?rest_route=%2Fwp%2Fv2%2Fmedia&parent=5746"}],"wp:term":[{"taxonomy":"category","embeddable":true,"href":"https:\/\/provinciadigital.com.ar\/index.php?rest_route=%2Fwp%2Fv2%2Fcategories&post=5746"},{"taxonomy":"post_tag","embeddable":true,"href":"https:\/\/provinciadigital.com.ar\/index.php?rest_route=%2Fwp%2Fv2%2Ftags&post=5746"}],"curies":[{"name":"wp","href":"https:\/\/api.w.org\/{rel}","templated":true}]}}