{"id":5795,"date":"2025-07-17T16:31:21","date_gmt":"2025-07-17T16:31:21","guid":{"rendered":"https:\/\/provinciadigital.com.ar\/?p=5795"},"modified":"2025-07-17T16:31:22","modified_gmt":"2025-07-17T16:31:22","slug":"santilli-ratifica-la-alianza-entre-el-pro-y-la-libertad-avanza-no-hay-espacio-para-que-nos-dividamos","status":"publish","type":"post","link":"https:\/\/provinciadigital.com.ar\/?p=5795","title":{"rendered":"Santilli ratifica la alianza entre el PRO y La Libertad Avanza: \u201cNo hay espacio para que nos dividamos\u201d"},"content":{"rendered":"\n<p><\/p>\n\n\n\n<p>El diputado nacional y referente del PRO en la provincia de Buenos Aires, Diego Santilli, confirm\u00f3 este mi\u00e9rcoles la continuidad de la alianza entre su espacio pol\u00edtico y La Libertad Avanza (LLA), y advirti\u00f3 que la divisi\u00f3n del electorado de centroderecha solo favorece al kirchnerismo.<\/p>\n\n\n\n<p>\u201cEl PRO ha firmado una alianza la semana pasada con La Libertad Avanza y vamos a acompa\u00f1ar ese camino\u201d, sostuvo Santilli en declaraciones a Radio Rivadavia, y remarc\u00f3 que \u201cno hay espacio para que nos dividamos\u201d, en referencia al escenario electoral bonaerense.<\/p>\n\n\n\n<p>El legislador record\u00f3 que en las elecciones de 2023 la fragmentaci\u00f3n de las fuerzas de centroderecha contribuy\u00f3 al triunfo del gobernador Axel Kicillof. \u201cSi se hubiesen unificado las tres listas del espectro liberal, el resultado habr\u00eda sido diferente\u201d, asegur\u00f3.<\/p>\n\n\n\n<p>En ese sentido, afirm\u00f3 que la alianza con LLA responde al mensaje que \u201cla sociedad nos dio: acompa\u00f1ar el cambio que lidera el presidente Javier Milei\u201d. Y agreg\u00f3: \u201cEl objetivo com\u00fan debe estar por encima del objetivo personal\u201d.<\/p>\n\n\n\n<p>Santilli tambi\u00e9n reconoci\u00f3 que en los d\u00edas previos al cierre de listas existen tensiones y especulaciones, pero destac\u00f3 que desde ambos espacios se ha actuado con \u201cbuena voluntad\u201d y un entendimiento del \u201cmensaje de la gente\u201d.<\/p>\n\n\n\n<p>Finalmente, expres\u00f3 su respaldo al Gobierno nacional desde el Congreso y plante\u00f3 que la prioridad es \u201ccombatir la pobreza, la inflaci\u00f3n, la inseguridad y el narcotr\u00e1fico\u201d, desaf\u00edos que \u2014seg\u00fan afirm\u00f3\u2014 est\u00e1n contemplados en la plataforma del presidente Milei.<\/p>\n","protected":false},"excerpt":{"rendered":"<p>El diputado nacional y referente del PRO en la provincia de Buenos Aires, Diego Santilli, confirm\u00f3 este mi\u00e9rcoles la continuidad de la alianza entre su espacio pol\u00edtico y La Libertad Avanza (LLA), y advirti\u00f3 que la divisi\u00f3n del electorado de centroderecha solo favorece al kirchnerismo. \u201cEl PRO ha firmado una alianza la semana pasada con [&hellip;]<\/p>\n","protected":false},"author":3,"featured_media":5796,"comment_status":"open","ping_status":"open","sticky":false,"template":"","format":"standard","meta":{"footnotes":""},"categories":[21],"tags":[],"class_list":{"0":"post-5795","1":"post","2":"type-post","3":"status-publish","4":"format-standard","5":"has-post-thumbnail","7":"category-municipio"},"_links":{"self":[{"href":"https:\/\/provinciadigital.com.ar\/index.php?rest_route=\/wp\/v2\/posts\/5795","targetHints":{"allow":["GET"]}}],"collection":[{"href":"https:\/\/provinciadigital.com.ar\/index.php?rest_route=\/wp\/v2\/posts"}],"about":[{"href":"https:\/\/provinciadigital.com.ar\/index.php?rest_route=\/wp\/v2\/types\/post"}],"author":[{"embeddable":true,"href":"https:\/\/provinciadigital.com.ar\/index.php?rest_route=\/wp\/v2\/users\/3"}],"replies":[{"embeddable":true,"href":"https:\/\/provinciadigital.com.ar\/index.php?rest_route=%2Fwp%2Fv2%2Fcomments&post=5795"}],"version-history":[{"count":1,"href":"https:\/\/provinciadigital.com.ar\/index.php?rest_route=\/wp\/v2\/posts\/5795\/revisions"}],"predecessor-version":[{"id":5797,"href":"https:\/\/provinciadigital.com.ar\/index.php?rest_route=\/wp\/v2\/posts\/5795\/revisions\/5797"}],"wp:featuredmedia":[{"embeddable":true,"href":"https:\/\/provinciadigital.com.ar\/index.php?rest_route=\/wp\/v2\/media\/5796"}],"wp:attachment":[{"href":"https:\/\/provinciadigital.com.ar\/index.php?rest_route=%2Fwp%2Fv2%2Fmedia&parent=5795"}],"wp:term":[{"taxonomy":"category","embeddable":true,"href":"https:\/\/provinciadigital.com.ar\/index.php?rest_route=%2Fwp%2Fv2%2Fcategories&post=5795"},{"taxonomy":"post_tag","embeddable":true,"href":"https:\/\/provinciadigital.com.ar\/index.php?rest_route=%2Fwp%2Fv2%2Ftags&post=5795"}],"curies":[{"name":"wp","href":"https:\/\/api.w.org\/{rel}","templated":true}]}}