{"id":5798,"date":"2025-07-17T16:35:31","date_gmt":"2025-07-17T16:35:31","guid":{"rendered":"https:\/\/provinciadigital.com.ar\/?p=5798"},"modified":"2025-07-17T16:35:32","modified_gmt":"2025-07-17T16:35:32","slug":"guillermo-francos-nego-una-crisis-institucional-y-defendio-el-rumbo-del-gobierno","status":"publish","type":"post","link":"https:\/\/provinciadigital.com.ar\/?p=5798","title":{"rendered":"Guillermo Francos neg\u00f3 una crisis institucional y defendi\u00f3 el rumbo del Gobierno"},"content":{"rendered":"\n<p><\/p>\n\n\n\n<p>El jefe de Gabinete, Guillermo Francos, asegur\u00f3 que no existe una crisis institucional en el Gobierno Nacional y aclar\u00f3 que tanto el presidente Javier Milei como la vicepresidenta Victoria Villarruel est\u00e1n cumpliendo con sus funciones. No obstante, reconoci\u00f3 que puede hablarse de una crisis pol\u00edtica, tras el reciente desacuerdo entre ambos en una sesi\u00f3n del Senado.<\/p>\n\n\n\n<p>\u201cNo hay ninguna crisis institucional porque cada uno cumple su rol. El presidente gobierna y la vicepresidenta preside el Senado\u201d, afirm\u00f3 Francos en declaraciones a Radio Rivadavia. \u201cEn todo caso, hay una crisis pol\u00edtica por un desacuerdo en c\u00f3mo se desarroll\u00f3 esa sesi\u00f3n\u201d, agreg\u00f3.<\/p>\n\n\n\n<p>Tambi\u00e9n ratific\u00f3 que Milei vetar\u00e1 cualquier ley que comprometa el equilibrio fiscal y defendi\u00f3 su estilo de liderazgo. \u201cEra improbable que una persona sin la personalidad de Javier Milei pudiera conducir una Argentina rota y un Estado quebrado\u201d, sostuvo.<\/p>\n\n\n\n<p>Desde La Rural, donde particip\u00f3 de una entrevista con el periodista Nelson Castro, Francos apunt\u00f3 contra los gobiernos anteriores por el deterioro de la infraestructura del pa\u00eds y justific\u00f3 que no puede corregirse en tan solo un a\u00f1o y medio.<\/p>\n\n\n\n<p>Consultado por la relaci\u00f3n con los gobernadores, confirm\u00f3 que asistir\u00e1 al c\u00f3ctel de La Rural donde coincidir\u00e1 con mandatarios provinciales, pese a las tensiones abiertas. \u201cNo estamos en una guerra. Es una situaci\u00f3n dura y tenemos que acordar\u201d, dijo, aunque reconoci\u00f3 que tiene \u201cpocos elementos para negociar\u201d.<\/p>\n\n\n\n<p>Finalmente, reafirm\u00f3 la existencia de un acuerdo pol\u00edtico entre el PRO y La Libertad Avanza en la provincia de Buenos Aires, y afirm\u00f3 que fue designado por el presidente como su interlocutor para negociar con los mandatarios provinciales. \u201cConversaremos, explicaremos y trataremos de llegar al entendimiento\u201d, concluy\u00f3.<\/p>\n","protected":false},"excerpt":{"rendered":"<p>El jefe de Gabinete, Guillermo Francos, asegur\u00f3 que no existe una crisis institucional en el Gobierno Nacional y aclar\u00f3 que tanto el presidente Javier Milei como la vicepresidenta Victoria Villarruel est\u00e1n cumpliendo con sus funciones. No obstante, reconoci\u00f3 que puede hablarse de una crisis pol\u00edtica, tras el reciente desacuerdo entre ambos en una sesi\u00f3n del [&hellip;]<\/p>\n","protected":false},"author":3,"featured_media":5799,"comment_status":"open","ping_status":"open","sticky":false,"template":"","format":"standard","meta":{"footnotes":""},"categories":[21],"tags":[],"class_list":{"0":"post-5798","1":"post","2":"type-post","3":"status-publish","4":"format-standard","5":"has-post-thumbnail","7":"category-municipio"},"_links":{"self":[{"href":"https:\/\/provinciadigital.com.ar\/index.php?rest_route=\/wp\/v2\/posts\/5798","targetHints":{"allow":["GET"]}}],"collection":[{"href":"https:\/\/provinciadigital.com.ar\/index.php?rest_route=\/wp\/v2\/posts"}],"about":[{"href":"https:\/\/provinciadigital.com.ar\/index.php?rest_route=\/wp\/v2\/types\/post"}],"author":[{"embeddable":true,"href":"https:\/\/provinciadigital.com.ar\/index.php?rest_route=\/wp\/v2\/users\/3"}],"replies":[{"embeddable":true,"href":"https:\/\/provinciadigital.com.ar\/index.php?rest_route=%2Fwp%2Fv2%2Fcomments&post=5798"}],"version-history":[{"count":1,"href":"https:\/\/provinciadigital.com.ar\/index.php?rest_route=\/wp\/v2\/posts\/5798\/revisions"}],"predecessor-version":[{"id":5800,"href":"https:\/\/provinciadigital.com.ar\/index.php?rest_route=\/wp\/v2\/posts\/5798\/revisions\/5800"}],"wp:featuredmedia":[{"embeddable":true,"href":"https:\/\/provinciadigital.com.ar\/index.php?rest_route=\/wp\/v2\/media\/5799"}],"wp:attachment":[{"href":"https:\/\/provinciadigital.com.ar\/index.php?rest_route=%2Fwp%2Fv2%2Fmedia&parent=5798"}],"wp:term":[{"taxonomy":"category","embeddable":true,"href":"https:\/\/provinciadigital.com.ar\/index.php?rest_route=%2Fwp%2Fv2%2Fcategories&post=5798"},{"taxonomy":"post_tag","embeddable":true,"href":"https:\/\/provinciadigital.com.ar\/index.php?rest_route=%2Fwp%2Fv2%2Ftags&post=5798"}],"curies":[{"name":"wp","href":"https:\/\/api.w.org\/{rel}","templated":true}]}}