{"id":5804,"date":"2025-07-22T16:07:06","date_gmt":"2025-07-22T16:07:06","guid":{"rendered":"https:\/\/provinciadigital.com.ar\/?p=5804"},"modified":"2025-07-22T16:07:06","modified_gmt":"2025-07-22T16:07:06","slug":"tensiones-en-el-corazon-del-gobierno-el-triangulo-de-hierro-redefine-su-equilibrio","status":"publish","type":"post","link":"https:\/\/provinciadigital.com.ar\/?p=5804","title":{"rendered":"Tensiones en el coraz\u00f3n del Gobierno: el Tri\u00e1ngulo de Hierro redefine su equilibrio"},"content":{"rendered":"\n<p><\/p>\n\n\n\n<p>El n\u00facleo de poder m\u00e1s cerrado del gobierno de Javier Milei, conocido como el \u201cTri\u00e1ngulo de Hierro\u201d, atraviesa su momento m\u00e1s complejo desde la salida de Nicol\u00e1s Posse. Integrado por el propio Presidente, su hermana Karina Milei y el asesor Santiago Caputo, ese tridente funcion\u00f3 como pilar de confianza y toma de decisiones. Sin embargo, las tensiones internas y el proceso electoral en marcha est\u00e1n modificando la din\u00e1mica y poniendo a prueba su solidez.<\/p>\n\n\n\n<p>Desde que Milei lo defini\u00f3 p\u00fablicamente como el grupo intocable de su gesti\u00f3n, Karina asumi\u00f3 el control del partido La Libertad Avanza y Caputo se qued\u00f3 con la administraci\u00f3n pol\u00edtica. Esa divisi\u00f3n funcion\u00f3 hasta que la estrategia electoral empez\u00f3 a tensar los l\u00edmites: diferencias con el vicepresidente partidario Mart\u00edn Menem y Eduardo \u201cLule\u201d Menem llevaron a Caputo a retirarse de la mesa donde se dise\u00f1an las listas, lo que profundiz\u00f3 la distancia con el ala m\u00e1s cercana a la hermana del Presidente.<\/p>\n\n\n\n<p><strong>Reconfiguraci\u00f3n interna y el rol de Francos<\/strong><\/p>\n\n\n\n<p>En este contexto, el jefe de Gabinete Guillermo Francos comenz\u00f3 a adquirir protagonismo como una figura que equilibra las tensiones entre las dos principales corrientes del oficialismo. Su estilo operativo y su rol como interlocutor con la pol\u00edtica tradicional le valieron el respaldo de Milei, quien lo elogi\u00f3 p\u00fablicamente como \u201cel mejor jefe de Gabinete de la historia\u201d. Aunque informalmente, algunos ya lo mencionan como el cuarto v\u00e9rtice de ese tri\u00e1ngulo presidencial.<\/p>\n\n\n\n<p>Francos es visto como una figura moderadora que garantiza estabilidad sin interferir en la puja de poder. Representa al Ejecutivo en medios que el propio Presidente evita, mantiene di\u00e1logo con actores pol\u00edticos diversos y mantiene una presencia estrat\u00e9gica en la gesti\u00f3n diaria.<\/p>\n\n\n\n<p><strong>Milei busca sostener el equilibrio<\/strong><\/p>\n\n\n\n<p>A pesar de las disputas entre las \u00e1reas partidarias y pol\u00edticas, el Presidente evita tomar partido y mantiene su respaldo tanto a su hermana como a Caputo. Su decisi\u00f3n de no intervenir en algunos cierres de listas fue interpretada como un respaldo t\u00e1cito al liderazgo pol\u00edtico de Karina, mientras que mantiene a Caputo como pieza clave en la estrategia de comunicaci\u00f3n y dise\u00f1o de candidaturas.<\/p>\n\n\n\n<p>Aunque las diferencias internas no han roto el esquema original, el \u201cTri\u00e1ngulo de Hierro\u201d enfrenta un reacomodamiento forzado por el calendario electoral. En ese proceso, la figura de Francos aparece como clave para evitar fracturas mayores. El desaf\u00edo ser\u00e1 sostener esa cohesi\u00f3n de cara a octubre, cuando los resultados electorales podr\u00edan redefinir no solo la fuerza parlamentaria del Gobierno, sino tambi\u00e9n su mapa de poder interno.<\/p>\n","protected":false},"excerpt":{"rendered":"<p>El n\u00facleo de poder m\u00e1s cerrado del gobierno de Javier Milei, conocido como el \u201cTri\u00e1ngulo de Hierro\u201d, atraviesa su momento m\u00e1s complejo desde la salida de Nicol\u00e1s Posse. Integrado por el propio Presidente, su hermana Karina Milei y el asesor Santiago Caputo, ese tridente funcion\u00f3 como pilar de confianza y toma de decisiones. Sin embargo, [&hellip;]<\/p>\n","protected":false},"author":3,"featured_media":5805,"comment_status":"open","ping_status":"open","sticky":false,"template":"","format":"standard","meta":{"footnotes":""},"categories":[21],"tags":[],"class_list":{"0":"post-5804","1":"post","2":"type-post","3":"status-publish","4":"format-standard","5":"has-post-thumbnail","7":"category-municipio"},"_links":{"self":[{"href":"https:\/\/provinciadigital.com.ar\/index.php?rest_route=\/wp\/v2\/posts\/5804","targetHints":{"allow":["GET"]}}],"collection":[{"href":"https:\/\/provinciadigital.com.ar\/index.php?rest_route=\/wp\/v2\/posts"}],"about":[{"href":"https:\/\/provinciadigital.com.ar\/index.php?rest_route=\/wp\/v2\/types\/post"}],"author":[{"embeddable":true,"href":"https:\/\/provinciadigital.com.ar\/index.php?rest_route=\/wp\/v2\/users\/3"}],"replies":[{"embeddable":true,"href":"https:\/\/provinciadigital.com.ar\/index.php?rest_route=%2Fwp%2Fv2%2Fcomments&post=5804"}],"version-history":[{"count":1,"href":"https:\/\/provinciadigital.com.ar\/index.php?rest_route=\/wp\/v2\/posts\/5804\/revisions"}],"predecessor-version":[{"id":5806,"href":"https:\/\/provinciadigital.com.ar\/index.php?rest_route=\/wp\/v2\/posts\/5804\/revisions\/5806"}],"wp:featuredmedia":[{"embeddable":true,"href":"https:\/\/provinciadigital.com.ar\/index.php?rest_route=\/wp\/v2\/media\/5805"}],"wp:attachment":[{"href":"https:\/\/provinciadigital.com.ar\/index.php?rest_route=%2Fwp%2Fv2%2Fmedia&parent=5804"}],"wp:term":[{"taxonomy":"category","embeddable":true,"href":"https:\/\/provinciadigital.com.ar\/index.php?rest_route=%2Fwp%2Fv2%2Fcategories&post=5804"},{"taxonomy":"post_tag","embeddable":true,"href":"https:\/\/provinciadigital.com.ar\/index.php?rest_route=%2Fwp%2Fv2%2Ftags&post=5804"}],"curies":[{"name":"wp","href":"https:\/\/api.w.org\/{rel}","templated":true}]}}