{"id":5807,"date":"2025-07-22T16:10:53","date_gmt":"2025-07-22T16:10:53","guid":{"rendered":"https:\/\/provinciadigital.com.ar\/?p=5807"},"modified":"2025-07-22T16:10:54","modified_gmt":"2025-07-22T16:10:54","slug":"franco-colapinto-vuelve-a-la-pista-en-spa-todo-lo-que-tenes-que-saber-del-gp-de-belgica","status":"publish","type":"post","link":"https:\/\/provinciadigital.com.ar\/?p=5807","title":{"rendered":"Franco Colapinto vuelve a la pista en Spa: todo lo que ten\u00e9s que saber del GP de B\u00e9lgica"},"content":{"rendered":"\n<p><\/p>\n\n\n\n<p>Luego del trago amargo en Silverstone, donde ni siquiera pudo largar por un problema t\u00e9cnico en su A525, Franco Colapinto tendr\u00e1 revancha este fin de semana en uno de los trazados m\u00e1s desafiantes de la F\u00f3rmula 1: Spa-Francorchamps. El piloto argentino vuelve a ponerse al mando del Alpine en el Gran Premio de B\u00e9lgica, una cita clave tanto para su temporada como para su adaptaci\u00f3n a la categor\u00eda.<\/p>\n\n\n\n<p>Con apenas una pr\u00e1ctica libre y formato sprint, el fin de semana ser\u00e1 intenso. El viernes 25 se correr\u00e1 la \u00fanica tanda de entrenamientos y la clasificaci\u00f3n sprint. El s\u00e1bado 26 ser\u00e1 turno de la carrera corta y de la clasificaci\u00f3n para la prueba principal, que se disputar\u00e1 el domingo 27 desde las 10 de la ma\u00f1ana, hora argentina.<\/p>\n\n\n\n<p><strong>Un circuito que Colapinto conoce bien<\/strong><\/p>\n\n\n\n<p>El de Spa es un trazado hist\u00f3rico, con m\u00e1s de 7000 metros, 20 curvas y dos zonas de DRS. Inaugurado en 1920, combina velocidad pura con t\u00e9cnica, y es uno de los favoritos de los pilotos. Colapinto ya lo recorri\u00f3 en varias categor\u00edas: gan\u00f3 all\u00ed en la Eurocopa de F\u00f3rmula Renault en 2020, corri\u00f3 en F\u00f3rmula 3, en la European Le Mans Series y en F2, donde el a\u00f1o pasado finaliz\u00f3 octavo en la Sprint y abandon\u00f3 en la Feature.<\/p>\n\n\n\n<p>Aunque todav\u00eda no sum\u00f3 puntos en F1, Spa representa una buena oportunidad para revertir esa tendencia. En un campeonato liderado por Oscar Piastri, seguido de cerca por Lando Norris y Max Verstappen, Colapinto necesita consolidarse y encontrar regularidad en una grilla cada vez m\u00e1s competitiva.<\/p>\n\n\n\n<p><strong>Agenda confirmada del GP de B\u00e9lgica (hora Argentina)<\/strong><\/p>\n\n\n\n<ul class=\"wp-block-list\">\n<li>Viernes 25:\n<ul class=\"wp-block-list\">\n<li>Pr\u00e1ctica libre: 7.30<\/li>\n\n\n\n<li>Clasificaci\u00f3n Sprint: 11.30<\/li>\n<\/ul>\n<\/li>\n\n\n\n<li>S\u00e1bado 26:\n<ul class=\"wp-block-list\">\n<li>Sprint: 7.00<\/li>\n\n\n\n<li>Clasificaci\u00f3n: 11.00<\/li>\n<\/ul>\n<\/li>\n\n\n\n<li>Domingo 27:\n<ul class=\"wp-block-list\">\n<li>Carrera (44 vueltas): 10.00<\/li>\n<\/ul>\n<\/li>\n<\/ul>\n\n\n\n<p><strong>D\u00f3nde verlo:<\/strong> Disney+, Fox Sports, F1TV, y se\u00f1ales internacionales seg\u00fan la regi\u00f3n.<\/p>\n\n\n\n<p>Franco llega con hambre de revancha y conoce bien el circuito. Spa puede marcar el punto de inflexi\u00f3n en su temporada.<\/p>\n","protected":false},"excerpt":{"rendered":"<p>Luego del trago amargo en Silverstone, donde ni siquiera pudo largar por un problema t\u00e9cnico en su A525, Franco Colapinto tendr\u00e1 revancha este fin de semana en uno de los trazados m\u00e1s desafiantes de la F\u00f3rmula 1: Spa-Francorchamps. El piloto argentino vuelve a ponerse al mando del Alpine en el Gran Premio de B\u00e9lgica, una [&hellip;]<\/p>\n","protected":false},"author":3,"featured_media":5808,"comment_status":"open","ping_status":"open","sticky":false,"template":"","format":"standard","meta":{"footnotes":""},"categories":[21],"tags":[],"class_list":{"0":"post-5807","1":"post","2":"type-post","3":"status-publish","4":"format-standard","5":"has-post-thumbnail","7":"category-municipio"},"_links":{"self":[{"href":"https:\/\/provinciadigital.com.ar\/index.php?rest_route=\/wp\/v2\/posts\/5807","targetHints":{"allow":["GET"]}}],"collection":[{"href":"https:\/\/provinciadigital.com.ar\/index.php?rest_route=\/wp\/v2\/posts"}],"about":[{"href":"https:\/\/provinciadigital.com.ar\/index.php?rest_route=\/wp\/v2\/types\/post"}],"author":[{"embeddable":true,"href":"https:\/\/provinciadigital.com.ar\/index.php?rest_route=\/wp\/v2\/users\/3"}],"replies":[{"embeddable":true,"href":"https:\/\/provinciadigital.com.ar\/index.php?rest_route=%2Fwp%2Fv2%2Fcomments&post=5807"}],"version-history":[{"count":1,"href":"https:\/\/provinciadigital.com.ar\/index.php?rest_route=\/wp\/v2\/posts\/5807\/revisions"}],"predecessor-version":[{"id":5809,"href":"https:\/\/provinciadigital.com.ar\/index.php?rest_route=\/wp\/v2\/posts\/5807\/revisions\/5809"}],"wp:featuredmedia":[{"embeddable":true,"href":"https:\/\/provinciadigital.com.ar\/index.php?rest_route=\/wp\/v2\/media\/5808"}],"wp:attachment":[{"href":"https:\/\/provinciadigital.com.ar\/index.php?rest_route=%2Fwp%2Fv2%2Fmedia&parent=5807"}],"wp:term":[{"taxonomy":"category","embeddable":true,"href":"https:\/\/provinciadigital.com.ar\/index.php?rest_route=%2Fwp%2Fv2%2Fcategories&post=5807"},{"taxonomy":"post_tag","embeddable":true,"href":"https:\/\/provinciadigital.com.ar\/index.php?rest_route=%2Fwp%2Fv2%2Ftags&post=5807"}],"curies":[{"name":"wp","href":"https:\/\/api.w.org\/{rel}","templated":true}]}}