{"id":5810,"date":"2025-07-22T16:14:24","date_gmt":"2025-07-22T16:14:24","guid":{"rendered":"https:\/\/provinciadigital.com.ar\/?p=5810"},"modified":"2025-07-22T16:14:25","modified_gmt":"2025-07-22T16:14:25","slug":"kicillof-defendio-la-unidad-del-peronismo-bonaerense-y-apunto-contra-la-oposicion","status":"publish","type":"post","link":"https:\/\/provinciadigital.com.ar\/?p=5810","title":{"rendered":"Kicillof defendi\u00f3 la unidad del peronismo bonaerense y apunt\u00f3 contra la oposici\u00f3n"},"content":{"rendered":"\n<p><\/p>\n\n\n\n<p>El gobernador de la provincia de Buenos Aires, Axel Kicillof, minimiz\u00f3 este lunes la tensi\u00f3n que rode\u00f3 el cierre de listas en el peronismo bonaerense y asegur\u00f3 que el resultado final mostr\u00f3 una coalici\u00f3n fortalecida y unida. \u201cMuchos cre\u00edan que nos est\u00e1bamos rompiendo, pero en realidad est\u00e1bamos sumando fuerza\u201d, sostuvo en declaraciones televisivas.<\/p>\n\n\n\n<p>Kicillof destac\u00f3 que el frente \u201cFuerza Patria\u201d logr\u00f3 cerrar las candidaturas con consenso, a diferencia de lo que, seg\u00fan se\u00f1al\u00f3, ocurre en la oposici\u00f3n: \u201cMientras nosotros cerramos en unidad, el radicalismo y el PRO est\u00e1n partidos\u201d, afirm\u00f3 durante una entrevista con C5N.<\/p>\n\n\n\n<p><strong>Unidad como estrategia frente a Milei<\/strong><\/p>\n\n\n\n<p>El gobernador vincul\u00f3 la conformaci\u00f3n de la lista \u00fanica con un mandato social frente al oficialismo nacional: \u201cLa gente nos pidi\u00f3 frenar a Milei. Esta lista es un escudo frente al avance del proyecto libertario\u201d, expres\u00f3, en alusi\u00f3n a las reformas impulsadas por el presidente.<\/p>\n\n\n\n<p>Adem\u00e1s, agradeci\u00f3 a los distintos sectores del peronismo por su \u201cgenerosidad, compromiso y comprensi\u00f3n\u201d durante el armado electoral, que definir\u00e1 cargos legislativos en la provincia el pr\u00f3ximo 7 de septiembre.<\/p>\n\n\n\n<p><strong>Advertencias sobre el escenario nacional<\/strong><\/p>\n\n\n\n<p>En un tono m\u00e1s cr\u00edtico, Kicillof alert\u00f3 sobre el rumbo del gobierno nacional en caso de obtener respaldo en las urnas: \u201cDespu\u00e9s de las elecciones, Milei quiere ir m\u00e1s fuerte con la motosierra y las reformas previsionales y laborales\u201d, asegur\u00f3. Y cerr\u00f3 con un mensaje enf\u00e1tico: \u201cTenemos que poner todo lo que hay que poner para defender a la provincia ante un Gobierno que amenaz\u00f3 con intervenirla\u201d.<\/p>\n\n\n\n<p>Preguntar a ChatGPT<\/p>\n","protected":false},"excerpt":{"rendered":"<p>El gobernador de la provincia de Buenos Aires, Axel Kicillof, minimiz\u00f3 este lunes la tensi\u00f3n que rode\u00f3 el cierre de listas en el peronismo bonaerense y asegur\u00f3 que el resultado final mostr\u00f3 una coalici\u00f3n fortalecida y unida. \u201cMuchos cre\u00edan que nos est\u00e1bamos rompiendo, pero en realidad est\u00e1bamos sumando fuerza\u201d, sostuvo en declaraciones televisivas. Kicillof destac\u00f3 [&hellip;]<\/p>\n","protected":false},"author":3,"featured_media":5811,"comment_status":"open","ping_status":"open","sticky":false,"template":"","format":"standard","meta":{"footnotes":""},"categories":[21],"tags":[],"class_list":{"0":"post-5810","1":"post","2":"type-post","3":"status-publish","4":"format-standard","5":"has-post-thumbnail","7":"category-municipio"},"_links":{"self":[{"href":"https:\/\/provinciadigital.com.ar\/index.php?rest_route=\/wp\/v2\/posts\/5810","targetHints":{"allow":["GET"]}}],"collection":[{"href":"https:\/\/provinciadigital.com.ar\/index.php?rest_route=\/wp\/v2\/posts"}],"about":[{"href":"https:\/\/provinciadigital.com.ar\/index.php?rest_route=\/wp\/v2\/types\/post"}],"author":[{"embeddable":true,"href":"https:\/\/provinciadigital.com.ar\/index.php?rest_route=\/wp\/v2\/users\/3"}],"replies":[{"embeddable":true,"href":"https:\/\/provinciadigital.com.ar\/index.php?rest_route=%2Fwp%2Fv2%2Fcomments&post=5810"}],"version-history":[{"count":1,"href":"https:\/\/provinciadigital.com.ar\/index.php?rest_route=\/wp\/v2\/posts\/5810\/revisions"}],"predecessor-version":[{"id":5812,"href":"https:\/\/provinciadigital.com.ar\/index.php?rest_route=\/wp\/v2\/posts\/5810\/revisions\/5812"}],"wp:featuredmedia":[{"embeddable":true,"href":"https:\/\/provinciadigital.com.ar\/index.php?rest_route=\/wp\/v2\/media\/5811"}],"wp:attachment":[{"href":"https:\/\/provinciadigital.com.ar\/index.php?rest_route=%2Fwp%2Fv2%2Fmedia&parent=5810"}],"wp:term":[{"taxonomy":"category","embeddable":true,"href":"https:\/\/provinciadigital.com.ar\/index.php?rest_route=%2Fwp%2Fv2%2Fcategories&post=5810"},{"taxonomy":"post_tag","embeddable":true,"href":"https:\/\/provinciadigital.com.ar\/index.php?rest_route=%2Fwp%2Fv2%2Ftags&post=5810"}],"curies":[{"name":"wp","href":"https:\/\/api.w.org\/{rel}","templated":true}]}}