{"id":5813,"date":"2025-07-23T15:55:14","date_gmt":"2025-07-23T15:55:14","guid":{"rendered":"https:\/\/provinciadigital.com.ar\/?p=5813"},"modified":"2025-07-23T15:55:14","modified_gmt":"2025-07-23T15:55:14","slug":"julio-zamora-queremos-devolver-la-esperanza-y-construir-un-futuro-mas-justo-y-racional-para-buenos-aires","status":"publish","type":"post","link":"https:\/\/provinciadigital.com.ar\/?p=5813","title":{"rendered":"Julio Zamora: \u201cQueremos devolver la esperanza y construir un futuro m\u00e1s justo y racional para Buenos Aires\u201d"},"content":{"rendered":"\n<p><\/p>\n\n\n\n<p>El intendente de Tigre y actual candidato a senador por la primera secci\u00f3n electoral, Julio Zamora, explic\u00f3 su decisi\u00f3n de romper con la unidad peronista y conformar el nuevo espacio <strong>Somos Buenos Aires<\/strong>, en alianza con figuras como Facundo Manes, Juan Schiaretti y 25 intendentes radicales. En di\u00e1logo con el programa \u201cAqu\u00ed no ha pasado nada\u201d, de FM Manantial, Zamora apunt\u00f3 a construir una opci\u00f3n centro-progresista como alternativa frente al gobierno de Javier Milei y al &#8220;desorden&#8221; dentro de Fuerza Patria.<\/p>\n\n\n\n<p>Zamora cuestion\u00f3 la falta de apertura del peronismo y asegur\u00f3 que la coalici\u00f3n oficialista \u201cno fue suficiente\u201d para enfrentar el contexto actual. \u201cIntent\u00e9 dialogar con los l\u00edderes de mi partido, pero no fui escuchado. El caos en Fuerza Patria, la falta de transparencia y la eliminaci\u00f3n de las PASO me empujaron a tomar una decisi\u00f3n\u201d, explic\u00f3.<\/p>\n\n\n\n<p>En contraste, describi\u00f3 <strong>Somos Buenos Aires<\/strong> como un espacio que busca \u201csuperar la polarizaci\u00f3n\u201d y recuperar \u201cla racionalidad\u201d en el debate p\u00fablico. Subray\u00f3 que su armado tiene apoyo de intendentes de distintas tradiciones pol\u00edticas y busca construir una opci\u00f3n realista con eje en el di\u00e1logo, el respeto y el cuidado social.<\/p>\n\n\n\n<p>\u201cViv\u00ed tres cierres de listas muy estresantes dentro de Fuerza Patria. No pod\u00eda someter a los dirigentes de Tigre a eso una vez m\u00e1s\u201d, dijo, en referencia a la conducci\u00f3n del espacio oficialista. \u201cArgentina necesita normalidad y equidad\u201d.<\/p>\n\n\n\n<p>Zamora tambi\u00e9n remarc\u00f3 que no se ubica en la \u201cavenida del medio\u201d, sino que propone un proyecto con identidad propia. \u201cNo es un punto intermedio entre extremos, sino una alternativa real, con pol\u00edticas p\u00fablicas que funcionen. Nuestro modelo es Tigre\u201d, afirm\u00f3.<\/p>\n\n\n\n<p>Entre los ejes de su gesti\u00f3n, destac\u00f3 pol\u00edticas de seguridad local \u2014con el menor \u00edndice de robo de autos registrado\u2014 y programas sociales como el refugio municipal para personas en situaci\u00f3n de calle. Tambi\u00e9n alert\u00f3 sobre problem\u00e1ticas sociales cr\u00edticas como el aumento de denuncias por abuso infantil y el freno a programas de adicciones por parte del gobierno nacional.<\/p>\n\n\n\n<p>Frente a un posible nuevo enfrentamiento con <strong>Malena Galmarini<\/strong>, Zamora descart\u00f3 enfocarse en la disputa personal y enfatiz\u00f3: \u201cRespeto a todos los dirigentes. Mi foco es mostrar el modelo de Tigre\u201d.<\/p>\n\n\n\n<p>Cerr\u00f3 la entrevista con un mensaje esperanzador: \u201cNuestra campa\u00f1a ser\u00e1 austera, basada en hechos. Queremos devolver la esperanza y construir un futuro m\u00e1s justo y racional para Buenos Aires\u201d.<\/p>\n\n\n\n<p><\/p>\n","protected":false},"excerpt":{"rendered":"<p>El intendente de Tigre y actual candidato a senador por la primera secci\u00f3n electoral, Julio Zamora, explic\u00f3 su decisi\u00f3n de romper con la unidad peronista y conformar el nuevo espacio Somos Buenos Aires, en alianza con figuras como Facundo Manes, Juan Schiaretti y 25 intendentes radicales. En di\u00e1logo con el programa \u201cAqu\u00ed no ha pasado [&hellip;]<\/p>\n","protected":false},"author":3,"featured_media":5814,"comment_status":"open","ping_status":"open","sticky":false,"template":"","format":"standard","meta":{"footnotes":""},"categories":[21],"tags":[],"class_list":{"0":"post-5813","1":"post","2":"type-post","3":"status-publish","4":"format-standard","5":"has-post-thumbnail","7":"category-municipio"},"_links":{"self":[{"href":"https:\/\/provinciadigital.com.ar\/index.php?rest_route=\/wp\/v2\/posts\/5813","targetHints":{"allow":["GET"]}}],"collection":[{"href":"https:\/\/provinciadigital.com.ar\/index.php?rest_route=\/wp\/v2\/posts"}],"about":[{"href":"https:\/\/provinciadigital.com.ar\/index.php?rest_route=\/wp\/v2\/types\/post"}],"author":[{"embeddable":true,"href":"https:\/\/provinciadigital.com.ar\/index.php?rest_route=\/wp\/v2\/users\/3"}],"replies":[{"embeddable":true,"href":"https:\/\/provinciadigital.com.ar\/index.php?rest_route=%2Fwp%2Fv2%2Fcomments&post=5813"}],"version-history":[{"count":1,"href":"https:\/\/provinciadigital.com.ar\/index.php?rest_route=\/wp\/v2\/posts\/5813\/revisions"}],"predecessor-version":[{"id":5815,"href":"https:\/\/provinciadigital.com.ar\/index.php?rest_route=\/wp\/v2\/posts\/5813\/revisions\/5815"}],"wp:featuredmedia":[{"embeddable":true,"href":"https:\/\/provinciadigital.com.ar\/index.php?rest_route=\/wp\/v2\/media\/5814"}],"wp:attachment":[{"href":"https:\/\/provinciadigital.com.ar\/index.php?rest_route=%2Fwp%2Fv2%2Fmedia&parent=5813"}],"wp:term":[{"taxonomy":"category","embeddable":true,"href":"https:\/\/provinciadigital.com.ar\/index.php?rest_route=%2Fwp%2Fv2%2Fcategories&post=5813"},{"taxonomy":"post_tag","embeddable":true,"href":"https:\/\/provinciadigital.com.ar\/index.php?rest_route=%2Fwp%2Fv2%2Ftags&post=5813"}],"curies":[{"name":"wp","href":"https:\/\/api.w.org\/{rel}","templated":true}]}}