{"id":5825,"date":"2025-07-24T16:37:45","date_gmt":"2025-07-24T16:37:45","guid":{"rendered":"https:\/\/provinciadigital.com.ar\/?p=5825"},"modified":"2025-07-24T16:37:45","modified_gmt":"2025-07-24T16:37:45","slug":"el-pj-no-arranca-zamora-y-zabaleta-lanzan-un-spot-con-duras-criticas-internas","status":"publish","type":"post","link":"https:\/\/provinciadigital.com.ar\/?p=5825","title":{"rendered":"El PJ \u201cno arranca\u201d: Zamora y Zabaleta lanzan un spot con duras cr\u00edticas internas"},"content":{"rendered":"\n<h2 class=\"wp-block-heading\"><\/h2>\n\n\n\n<p>El intendente de Tigre, <strong>Julio Zamora<\/strong>, y el exintendente de Hurlingham, <strong>Juan Zabaleta<\/strong>, difundieron un spot que gener\u00f3 repercusi\u00f3n inmediata. En el video, intentan arrancar un viejo auto llamado <strong>\u201cEl Justicialista\u201d<\/strong>, sin \u00e9xito. El veh\u00edculo, met\u00e1fora directa del estado del peronismo bonaerense, no responde, pese a los esfuerzos.<\/p>\n\n\n\n<h2 class=\"wp-block-heading\">Cr\u00edticas al peronismo actual<\/h2>\n\n\n\n<p>Zamora y Zabaleta dialogan mientras revisan el auto, que no enciende ni responde a los intentos. \u201cNo arranca\u201d, repiten. \u201cEst\u00e1 fundido\u201d, concluyen. El mensaje apunta a una cr\u00edtica directa al <strong>Partido Justicialista (PJ)<\/strong>, al que acusan de haberse quedado sin rumbo ni conducci\u00f3n efectiva.<\/p>\n\n\n\n<blockquote class=\"wp-block-quote is-layout-flow wp-block-quote-is-layout-flow\">\n<p>\u201cUn auto con tanta historia y potencia&#8230; es una pena que no podamos arreglarlo\u201d, dice Zamora en el video, en clara alusi\u00f3n a la interna partidaria.<\/p>\n<\/blockquote>\n\n\n\n<h2 class=\"wp-block-heading\">Una se\u00f1al de ruptura y renovaci\u00f3n<\/h2>\n\n\n\n<p>El spot forma parte de la campa\u00f1a del espacio <strong>Somos Buenos Aires<\/strong>, una alianza que agrupa a referentes del peronismo no kirchnerista, sectores del radicalismo y del progresismo. Entre sus integrantes figuran <strong>Facundo Manes, Juan Schiaretti, Margarita Stolbizer y Elisa Carri\u00f3<\/strong>, adem\u00e1s de m\u00e1s de 25 intendentes radicales.<\/p>\n\n\n\n<p>El objetivo del frente es ofrecer una alternativa al modelo bipartidista que domin\u00f3 la pol\u00edtica argentina durante los \u00faltimos a\u00f1os. \u201cEl peronismo debe repensarse con una agenda moderna y abierta\u201d, afirm\u00f3 Zamora. Zabaleta a\u00f1adi\u00f3: \u201cHay que reconstruir una identidad pol\u00edtica que represente a la mayor\u00eda\u201d.<\/p>\n\n\n\n<h2 class=\"wp-block-heading\">Iron\u00eda, autocr\u00edtica y mensaje pol\u00edtico<\/h2>\n\n\n\n<p>La pieza audiovisual est\u00e1 cargada de iron\u00eda y mensajes internos. Hay gui\u00f1os directos hacia <strong>M\u00e1ximo Kirchner, Axel Kicillof y Sergio Massa<\/strong>, y tambi\u00e9n referencias al intendente de Hurlingham, <strong>Dami\u00e1n Selci<\/strong>, rival de Zabaleta.<\/p>\n\n\n\n<blockquote class=\"wp-block-quote is-layout-flow wp-block-quote-is-layout-flow\">\n<p>\u201cSe mezcla el agua con el aceite, va para atr\u00e1s y no tiene frenos. Tengo miedo que lo choquen y no sirva m\u00e1s\u201d, dice Zamora en otro pasaje.<\/p>\n<\/blockquote>\n\n\n\n<p>Pese al diagn\u00f3stico cr\u00edtico, el spot cierra con un tono esperanzador. \u201cBuj\u00edas nuevas, frenos nuevos, tanque lleno. \u00bfTe anim\u00e1s a conducirlo?\u201d, plantean los protagonistas, llamando a la renovaci\u00f3n del peronismo de cara al <strong>7 de septiembre<\/strong>.<\/p>\n\n\n\n<h2 class=\"wp-block-heading\">Repercusiones y futuro<\/h2>\n\n\n\n<p>El spot busca posicionarse como una <strong>intervenci\u00f3n simb\u00f3lica y pol\u00edtica<\/strong> en el proceso de reconfiguraci\u00f3n del PJ. No est\u00e1 claro si lograr\u00e1 sumar voluntades o si quedar\u00e1 como un gesto aislado. Pero evidencia que el debate sobre el futuro del peronismo ya no se limita al \u00e1mbito partidario: <strong>tambi\u00e9n se disputa en el terreno de la comunicaci\u00f3n pol\u00edtica<\/strong>.<\/p>\n","protected":false},"excerpt":{"rendered":"<p>El intendente de Tigre, Julio Zamora, y el exintendente de Hurlingham, Juan Zabaleta, difundieron un spot que gener\u00f3 repercusi\u00f3n inmediata. En el video, intentan arrancar un viejo auto llamado \u201cEl Justicialista\u201d, sin \u00e9xito. El veh\u00edculo, met\u00e1fora directa del estado del peronismo bonaerense, no responde, pese a los esfuerzos. Cr\u00edticas al peronismo actual Zamora y Zabaleta [&hellip;]<\/p>\n","protected":false},"author":3,"featured_media":5826,"comment_status":"open","ping_status":"open","sticky":false,"template":"","format":"standard","meta":{"footnotes":""},"categories":[21],"tags":[],"class_list":{"0":"post-5825","1":"post","2":"type-post","3":"status-publish","4":"format-standard","5":"has-post-thumbnail","7":"category-municipio"},"_links":{"self":[{"href":"https:\/\/provinciadigital.com.ar\/index.php?rest_route=\/wp\/v2\/posts\/5825","targetHints":{"allow":["GET"]}}],"collection":[{"href":"https:\/\/provinciadigital.com.ar\/index.php?rest_route=\/wp\/v2\/posts"}],"about":[{"href":"https:\/\/provinciadigital.com.ar\/index.php?rest_route=\/wp\/v2\/types\/post"}],"author":[{"embeddable":true,"href":"https:\/\/provinciadigital.com.ar\/index.php?rest_route=\/wp\/v2\/users\/3"}],"replies":[{"embeddable":true,"href":"https:\/\/provinciadigital.com.ar\/index.php?rest_route=%2Fwp%2Fv2%2Fcomments&post=5825"}],"version-history":[{"count":1,"href":"https:\/\/provinciadigital.com.ar\/index.php?rest_route=\/wp\/v2\/posts\/5825\/revisions"}],"predecessor-version":[{"id":5827,"href":"https:\/\/provinciadigital.com.ar\/index.php?rest_route=\/wp\/v2\/posts\/5825\/revisions\/5827"}],"wp:featuredmedia":[{"embeddable":true,"href":"https:\/\/provinciadigital.com.ar\/index.php?rest_route=\/wp\/v2\/media\/5826"}],"wp:attachment":[{"href":"https:\/\/provinciadigital.com.ar\/index.php?rest_route=%2Fwp%2Fv2%2Fmedia&parent=5825"}],"wp:term":[{"taxonomy":"category","embeddable":true,"href":"https:\/\/provinciadigital.com.ar\/index.php?rest_route=%2Fwp%2Fv2%2Fcategories&post=5825"},{"taxonomy":"post_tag","embeddable":true,"href":"https:\/\/provinciadigital.com.ar\/index.php?rest_route=%2Fwp%2Fv2%2Ftags&post=5825"}],"curies":[{"name":"wp","href":"https:\/\/api.w.org\/{rel}","templated":true}]}}