{"id":5960,"date":"2025-08-28T16:57:19","date_gmt":"2025-08-28T16:57:19","guid":{"rendered":"https:\/\/provinciadigital.com.ar\/?p=5960"},"modified":"2025-08-28T16:57:20","modified_gmt":"2025-08-28T16:57:20","slug":"transporte-publico-gratuito-durante-las-elecciones-en-la-provincia","status":"publish","type":"post","link":"https:\/\/provinciadigital.com.ar\/?p=5960","title":{"rendered":"Transporte p\u00fablico gratuito durante las elecciones en la Provincia"},"content":{"rendered":"\n<h1 class=\"wp-block-heading\"><\/h1>\n\n\n\n<p>El <strong>Ministerio de Transporte de la Provincia de Buenos Aires<\/strong> inform\u00f3 que, a trav\u00e9s de la <strong>Resoluci\u00f3n RESO-2025-231-GDEBA-MTRAGP<\/strong>, se dispuso la <strong>gratuidad del servicio p\u00fablico de transporte automotor y fluvial<\/strong> los d\u00edas <strong>7 de septiembre<\/strong> y <strong>26 de octubre de 2025<\/strong>, fechas en las que se celebrar\u00e1n las elecciones provinciales y nacionales.<\/p>\n\n\n\n<h3 class=\"wp-block-heading\">Alcance de la medida<\/h3>\n\n\n\n<p>La disposici\u00f3n abarca los <strong>servicios regulares urbanos<\/strong>, los interurbanos de <strong>media y larga distancia<\/strong> y el <strong>transporte fluvial del Delta del Paran\u00e1<\/strong>, con el objetivo de garantizar que todos los bonaerenses puedan trasladarse a sus lugares de votaci\u00f3n.<\/p>\n\n\n\n<h3 class=\"wp-block-heading\">Garantizar el derecho al voto<\/h3>\n\n\n\n<p>El ministro de Transporte, <strong>Mart\u00edn Marinucci<\/strong>, afirm\u00f3:<\/p>\n\n\n\n<blockquote class=\"wp-block-quote is-layout-flow wp-block-quote-is-layout-flow\">\n<p>\u201cNuestra responsabilidad es garantizar que ning\u00fan ciudadano o ciudadana vea limitado su derecho al voto por no poder acceder al transporte. El servicio gratuito en las jornadas electorales es una herramienta fundamental para asegurar la participaci\u00f3n democr\u00e1tica y la igualdad de oportunidades\u201d.<\/p>\n<\/blockquote>\n\n\n\n<h3 class=\"wp-block-heading\">Refuerzos en la movilidad<\/h3>\n\n\n\n<p>Marinucci agreg\u00f3 que el transporte p\u00fablico es tambi\u00e9n una <strong>herramienta de integraci\u00f3n y fortalecimiento institucional<\/strong>. En esa l\u00ednea, adelant\u00f3 que se instruy\u00f3 a las empresas a <strong>reforzar las frecuencias<\/strong> para asegurar traslados \u00e1giles y seguros durante ambas jornadas.<\/p>\n\n\n\n<h3 class=\"wp-block-heading\">Invitaci\u00f3n a los municipios<\/h3>\n\n\n\n<p>Finalmente, el Ministerio convoc\u00f3 a los municipios bonaerenses a <strong>adherir a la medida<\/strong>, reafirmando el compromiso de la gesti\u00f3n con el <strong>acceso universal al sufragio<\/strong> y el fortalecimiento de la democracia.<\/p>\n","protected":false},"excerpt":{"rendered":"<p>El Ministerio de Transporte de la Provincia de Buenos Aires inform\u00f3 que, a trav\u00e9s de la Resoluci\u00f3n RESO-2025-231-GDEBA-MTRAGP, se dispuso la gratuidad del servicio p\u00fablico de transporte automotor y fluvial los d\u00edas 7 de septiembre y 26 de octubre de 2025, fechas en las que se celebrar\u00e1n las elecciones provinciales y nacionales. Alcance de la [&hellip;]<\/p>\n","protected":false},"author":3,"featured_media":5961,"comment_status":"open","ping_status":"open","sticky":false,"template":"","format":"standard","meta":{"footnotes":""},"categories":[21],"tags":[],"class_list":{"0":"post-5960","1":"post","2":"type-post","3":"status-publish","4":"format-standard","5":"has-post-thumbnail","7":"category-municipio"},"_links":{"self":[{"href":"https:\/\/provinciadigital.com.ar\/index.php?rest_route=\/wp\/v2\/posts\/5960","targetHints":{"allow":["GET"]}}],"collection":[{"href":"https:\/\/provinciadigital.com.ar\/index.php?rest_route=\/wp\/v2\/posts"}],"about":[{"href":"https:\/\/provinciadigital.com.ar\/index.php?rest_route=\/wp\/v2\/types\/post"}],"author":[{"embeddable":true,"href":"https:\/\/provinciadigital.com.ar\/index.php?rest_route=\/wp\/v2\/users\/3"}],"replies":[{"embeddable":true,"href":"https:\/\/provinciadigital.com.ar\/index.php?rest_route=%2Fwp%2Fv2%2Fcomments&post=5960"}],"version-history":[{"count":1,"href":"https:\/\/provinciadigital.com.ar\/index.php?rest_route=\/wp\/v2\/posts\/5960\/revisions"}],"predecessor-version":[{"id":5962,"href":"https:\/\/provinciadigital.com.ar\/index.php?rest_route=\/wp\/v2\/posts\/5960\/revisions\/5962"}],"wp:featuredmedia":[{"embeddable":true,"href":"https:\/\/provinciadigital.com.ar\/index.php?rest_route=\/wp\/v2\/media\/5961"}],"wp:attachment":[{"href":"https:\/\/provinciadigital.com.ar\/index.php?rest_route=%2Fwp%2Fv2%2Fmedia&parent=5960"}],"wp:term":[{"taxonomy":"category","embeddable":true,"href":"https:\/\/provinciadigital.com.ar\/index.php?rest_route=%2Fwp%2Fv2%2Fcategories&post=5960"},{"taxonomy":"post_tag","embeddable":true,"href":"https:\/\/provinciadigital.com.ar\/index.php?rest_route=%2Fwp%2Fv2%2Ftags&post=5960"}],"curies":[{"name":"wp","href":"https:\/\/api.w.org\/{rel}","templated":true}]}}