{"id":5963,"date":"2025-09-01T17:23:41","date_gmt":"2025-09-01T17:23:41","guid":{"rendered":"https:\/\/provinciadigital.com.ar\/?p=5963"},"modified":"2025-09-01T17:23:42","modified_gmt":"2025-09-01T17:23:42","slug":"abrio-un-centro-de-salud-en-el-ex-padelai-de-san-telmo-con-mas-de-20-consultorios","status":"publish","type":"post","link":"https:\/\/provinciadigital.com.ar\/?p=5963","title":{"rendered":"Abri\u00f3 un centro de salud en el ex Padelai de San Telmo con m\u00e1s de 20 consultorios"},"content":{"rendered":"\n<h1 class=\"wp-block-heading\"><\/h1>\n\n\n\n<p>La Ciudad inaugur\u00f3 el nuevo CeSAC 15 en Balcarce 1150, donde funcionaba el hist\u00f3rico Patronato de la Infancia. El edificio, restaurado con protecci\u00f3n patrimonial, ofrecer\u00e1 atenci\u00f3n primaria, especialidades cl\u00ednicas y actividades comunitarias.<\/p>\n\n\n\n<h3 class=\"wp-block-heading\">Un edificio hist\u00f3rico al servicio de la salud<\/h3>\n\n\n\n<p>El nuevo Centro de Salud y Acci\u00f3n Comunitaria cuenta con <strong>23 consultorios<\/strong> para atenci\u00f3n pedi\u00e1trica, ginecol\u00f3gica, odontol\u00f3gica y cl\u00ednica general. Adem\u00e1s, dispone de farmacia, vacunatorio, sala de extracci\u00f3n y espacios de salud mental, trabajo social y odontolog\u00eda. El edificio mantiene su fachada original y fue restaurado con una inversi\u00f3n de <strong>m\u00e1s de $2.000 millones en nueve meses<\/strong>.<\/p>\n\n\n\n<h3 class=\"wp-block-heading\">Atenci\u00f3n cercana y gratuita<\/h3>\n\n\n\n<p>El CeSAC 15, dependiente del Hospital Argerich, atender\u00e1 a unas <strong>3.200 personas por mes<\/strong>. Los vecinos podr\u00e1n acercarse por orden de llegada en casos agudos o sacar turno programado a trav\u00e9s de BOTI (11-5050-0147) o llamando al 147. Con 50 CeSAC distribuidos en la Ciudad, el Gobierno porte\u00f1o busca que todos los vecinos tengan un centro a menos de 15 minutos de sus casas.<\/p>\n\n\n\n<h3 class=\"wp-block-heading\">Inversi\u00f3n en la red sanitaria<\/h3>\n\n\n\n<p>Durante la apertura, Jorge Macri y el ministro de Salud, Fern\u00e1n Quir\u00f3s, destacaron que este nuevo espacio forma parte del plan integral para fortalecer la atenci\u00f3n primaria. En paralelo, la Ciudad avanza con <strong>ampliaciones en otros CeSACs<\/strong>, nuevos consultorios hospitalarios y la construcci\u00f3n de dos CEMAR en Palermo y Saavedra, adem\u00e1s de un Centro Regional de Hemoterapia.<\/p>\n","protected":false},"excerpt":{"rendered":"<p>La Ciudad inaugur\u00f3 el nuevo CeSAC 15 en Balcarce 1150, donde funcionaba el hist\u00f3rico Patronato de la Infancia. El edificio, restaurado con protecci\u00f3n patrimonial, ofrecer\u00e1 atenci\u00f3n primaria, especialidades cl\u00ednicas y actividades comunitarias. Un edificio hist\u00f3rico al servicio de la salud El nuevo Centro de Salud y Acci\u00f3n Comunitaria cuenta con 23 consultorios para atenci\u00f3n pedi\u00e1trica, [&hellip;]<\/p>\n","protected":false},"author":3,"featured_media":5964,"comment_status":"open","ping_status":"open","sticky":false,"template":"","format":"standard","meta":{"footnotes":""},"categories":[21],"tags":[],"class_list":{"0":"post-5963","1":"post","2":"type-post","3":"status-publish","4":"format-standard","5":"has-post-thumbnail","7":"category-municipio"},"_links":{"self":[{"href":"https:\/\/provinciadigital.com.ar\/index.php?rest_route=\/wp\/v2\/posts\/5963","targetHints":{"allow":["GET"]}}],"collection":[{"href":"https:\/\/provinciadigital.com.ar\/index.php?rest_route=\/wp\/v2\/posts"}],"about":[{"href":"https:\/\/provinciadigital.com.ar\/index.php?rest_route=\/wp\/v2\/types\/post"}],"author":[{"embeddable":true,"href":"https:\/\/provinciadigital.com.ar\/index.php?rest_route=\/wp\/v2\/users\/3"}],"replies":[{"embeddable":true,"href":"https:\/\/provinciadigital.com.ar\/index.php?rest_route=%2Fwp%2Fv2%2Fcomments&post=5963"}],"version-history":[{"count":1,"href":"https:\/\/provinciadigital.com.ar\/index.php?rest_route=\/wp\/v2\/posts\/5963\/revisions"}],"predecessor-version":[{"id":5965,"href":"https:\/\/provinciadigital.com.ar\/index.php?rest_route=\/wp\/v2\/posts\/5963\/revisions\/5965"}],"wp:featuredmedia":[{"embeddable":true,"href":"https:\/\/provinciadigital.com.ar\/index.php?rest_route=\/wp\/v2\/media\/5964"}],"wp:attachment":[{"href":"https:\/\/provinciadigital.com.ar\/index.php?rest_route=%2Fwp%2Fv2%2Fmedia&parent=5963"}],"wp:term":[{"taxonomy":"category","embeddable":true,"href":"https:\/\/provinciadigital.com.ar\/index.php?rest_route=%2Fwp%2Fv2%2Fcategories&post=5963"},{"taxonomy":"post_tag","embeddable":true,"href":"https:\/\/provinciadigital.com.ar\/index.php?rest_route=%2Fwp%2Fv2%2Ftags&post=5963"}],"curies":[{"name":"wp","href":"https:\/\/api.w.org\/{rel}","templated":true}]}}