{"id":5998,"date":"2025-09-10T16:01:59","date_gmt":"2025-09-10T16:01:59","guid":{"rendered":"https:\/\/provinciadigital.com.ar\/?p=5998"},"modified":"2025-09-10T16:02:00","modified_gmt":"2025-09-10T16:02:00","slug":"tigre-cecilia-ferreira-desmintio-acusaciones-sobre-la-sesion-en-el-concejo-deliberante","status":"publish","type":"post","link":"https:\/\/provinciadigital.com.ar\/?p=5998","title":{"rendered":"Tigre: Cecilia Ferreira desminti\u00f3 acusaciones sobre la sesi\u00f3n en el Concejo Deliberante"},"content":{"rendered":"\n<h1 class=\"wp-block-heading\"><\/h1>\n\n\n\n<h2 class=\"wp-block-heading\">La pol\u00e9mica en el Concejo<\/h2>\n\n\n\n<p>La concejal de <strong>Tigre, Cecilia Ferreira<\/strong>, rechaz\u00f3 este mi\u00e9rcoles las acusaciones difundidas por referentes de <strong>Fuerza Patria<\/strong>, quienes denunciaron que en la \u00faltima sesi\u00f3n del Honorable Concejo Deliberante se habr\u00edan incorporado proyectos urban\u00edsticos de forma intempestiva.<\/p>\n\n\n\n<p>Ferreira neg\u00f3 las versiones y remarc\u00f3:<\/p>\n\n\n\n<blockquote class=\"wp-block-quote is-layout-flow wp-block-quote-is-layout-flow\">\n<p>\u201cNo se trataron proyectos de urbanismo ni vinculados a torres o edificaciones. Solo se trataron cinco proyectos, que no guardan relaci\u00f3n con dichas tem\u00e1ticas. Cabe aclarar que s\u00ed ingresaron iniciativas de este tipo, pero permanecen en comisiones para su posterior tratamiento\u201d.<\/p>\n<\/blockquote>\n\n\n\n<h2 class=\"wp-block-heading\">Proyectos aprobados<\/h2>\n\n\n\n<p>La edil destac\u00f3 que los temas tratados fueron de inter\u00e9s comunitario. Entre ellos mencion\u00f3:<\/p>\n\n\n\n<ul class=\"wp-block-list\">\n<li><strong>Casa Verde<\/strong>, instituci\u00f3n que acompa\u00f1a a m\u00e1s de 200 estudiantes con proyectos de inclusi\u00f3n.<\/li>\n\n\n\n<li>La <strong>declaraci\u00f3n de inter\u00e9s legislativo<\/strong> de un libro escrito por una madre sobre el legado de su hijo.<\/li>\n<\/ul>\n\n\n\n<p>\u201cLo que se trat\u00f3 hoy en el orden del d\u00eda fue acordado con los distintos presidentes de bloques. Pudimos trabajar con los concejales que asistieron y aprobar proyectos muy importantes para la comunidad\u201d, asegur\u00f3 Ferreira.<\/p>\n\n\n\n<h2 class=\"wp-block-heading\">Cruce con Malena Galmarini<\/h2>\n\n\n\n<p>La controversia surgi\u00f3 a partir de un mensaje en redes sociales de <strong>Malena Galmarini<\/strong>, quien cuestion\u00f3 que el orden del d\u00eda se entregara minutos antes del inicio de la sesi\u00f3n y denunciara la existencia de 17 p\u00e1ginas con expedientes de desarrollos multifamiliares.<\/p>\n\n\n\n<p>Ferreira respondi\u00f3 de manera tajante:<\/p>\n\n\n\n<blockquote class=\"wp-block-quote is-layout-flow wp-block-quote-is-layout-flow\">\n<p>\u201cQueremos dejar totalmente aclarado que esto es una mentira de Fuerza Patria. No se toc\u00f3 urbanismo ni ingresaron proyectos de torres. Los vecinos nos quieren ver trabajando, y eso es lo que hacemos todos los d\u00edas en el Concejo\u201d.<\/p>\n<\/blockquote>\n\n\n\n<h2 class=\"wp-block-heading\">Defensa del trabajo legislativo<\/h2>\n\n\n\n<p>La concejal llam\u00f3 a no desprestigiar la labor del cuerpo deliberativo:<\/p>\n\n\n\n<blockquote class=\"wp-block-quote is-layout-flow wp-block-quote-is-layout-flow\">\n<p>\u201cQueda muy mal atacar a quienes estamos dedicados a presentar proyectos y discutirlos de cara a la gente. Nuestra obligaci\u00f3n es trabajar por Tigre y lo estamos haciendo\u201d.<\/p>\n<\/blockquote>\n","protected":false},"excerpt":{"rendered":"<p>La pol\u00e9mica en el Concejo La concejal de Tigre, Cecilia Ferreira, rechaz\u00f3 este mi\u00e9rcoles las acusaciones difundidas por referentes de Fuerza Patria, quienes denunciaron que en la \u00faltima sesi\u00f3n del Honorable Concejo Deliberante se habr\u00edan incorporado proyectos urban\u00edsticos de forma intempestiva. Ferreira neg\u00f3 las versiones y remarc\u00f3: \u201cNo se trataron proyectos de urbanismo ni vinculados [&hellip;]<\/p>\n","protected":false},"author":3,"featured_media":5999,"comment_status":"open","ping_status":"open","sticky":false,"template":"","format":"standard","meta":{"footnotes":""},"categories":[21],"tags":[],"class_list":{"0":"post-5998","1":"post","2":"type-post","3":"status-publish","4":"format-standard","5":"has-post-thumbnail","7":"category-municipio"},"_links":{"self":[{"href":"https:\/\/provinciadigital.com.ar\/index.php?rest_route=\/wp\/v2\/posts\/5998","targetHints":{"allow":["GET"]}}],"collection":[{"href":"https:\/\/provinciadigital.com.ar\/index.php?rest_route=\/wp\/v2\/posts"}],"about":[{"href":"https:\/\/provinciadigital.com.ar\/index.php?rest_route=\/wp\/v2\/types\/post"}],"author":[{"embeddable":true,"href":"https:\/\/provinciadigital.com.ar\/index.php?rest_route=\/wp\/v2\/users\/3"}],"replies":[{"embeddable":true,"href":"https:\/\/provinciadigital.com.ar\/index.php?rest_route=%2Fwp%2Fv2%2Fcomments&post=5998"}],"version-history":[{"count":1,"href":"https:\/\/provinciadigital.com.ar\/index.php?rest_route=\/wp\/v2\/posts\/5998\/revisions"}],"predecessor-version":[{"id":6000,"href":"https:\/\/provinciadigital.com.ar\/index.php?rest_route=\/wp\/v2\/posts\/5998\/revisions\/6000"}],"wp:featuredmedia":[{"embeddable":true,"href":"https:\/\/provinciadigital.com.ar\/index.php?rest_route=\/wp\/v2\/media\/5999"}],"wp:attachment":[{"href":"https:\/\/provinciadigital.com.ar\/index.php?rest_route=%2Fwp%2Fv2%2Fmedia&parent=5998"}],"wp:term":[{"taxonomy":"category","embeddable":true,"href":"https:\/\/provinciadigital.com.ar\/index.php?rest_route=%2Fwp%2Fv2%2Fcategories&post=5998"},{"taxonomy":"post_tag","embeddable":true,"href":"https:\/\/provinciadigital.com.ar\/index.php?rest_route=%2Fwp%2Fv2%2Ftags&post=5998"}],"curies":[{"name":"wp","href":"https:\/\/api.w.org\/{rel}","templated":true}]}}