{"id":6004,"date":"2025-09-10T16:05:45","date_gmt":"2025-09-10T16:05:45","guid":{"rendered":"https:\/\/provinciadigital.com.ar\/?p=6004"},"modified":"2025-09-10T16:06:36","modified_gmt":"2025-09-10T16:06:36","slug":"6004","status":"publish","type":"post","link":"https:\/\/provinciadigital.com.ar\/?p=6004","title":{"rendered":"El Gobierno reactiv\u00f3 las mesas pol\u00edticas para reordenar la gesti\u00f3n y la campa\u00f1a de cara a octubre"},"content":{"rendered":"\n<hr class=\"wp-block-separator has-alpha-channel-opacity\"\/>\n\n\n\n<h1 class=\"wp-block-heading\"><\/h1>\n\n\n\n<h2 class=\"wp-block-heading\">Milei busca recuperar centralidad tras la derrota en Buenos Aires<\/h2>\n\n\n\n<p>El Gobierno reactiv\u00f3 este martes la <strong>mesa pol\u00edtica nacional<\/strong>, encabezada por el presidente <strong>Javier Milei<\/strong>, con el objetivo de <strong>reordenar la gesti\u00f3n y recalibrar la campa\u00f1a<\/strong> rumbo a las elecciones legislativas del <strong>26 de octubre<\/strong>. La decisi\u00f3n se tom\u00f3 tras el duro rev\u00e9s electoral en la provincia de Buenos Aires, donde el peronismo se impuso por m\u00e1s de <strong>14 puntos de diferencia<\/strong>, generando tensi\u00f3n en los mercados y en la interna oficialista.<\/p>\n\n\n\n<h2 class=\"wp-block-heading\">El regreso de la mesa chica<\/h2>\n\n\n\n<p>Durante la ma\u00f1ana, en Casa Rosada, se reunieron la secretaria general de la Presidencia, <strong>Karina Milei<\/strong>; el jefe de Gabinete, <strong>Guillermo Francos<\/strong>; la ministra de Seguridad, <strong>Patricia Bullrich<\/strong>; el vocero presidencial, <strong>Manuel Adorni<\/strong>; el asesor <strong>Santiago Caputo<\/strong> y el presidente de la C\u00e1mara de Diputados, <strong>Mart\u00edn Menem<\/strong>.<\/p>\n\n\n\n<p>Este n\u00facleo cercano, que en 2024 se encontraba semanalmente pero luego hab\u00eda sido disuelto, fue convocado nuevamente en busca de mayor coordinaci\u00f3n.<\/p>\n\n\n\n<blockquote class=\"wp-block-quote is-layout-flow wp-block-quote-is-layout-flow\">\n<p>\u201cEst\u00e1 mucho m\u00e1s apuntada a la gesti\u00f3n, no solo a la pol\u00edtica. Despu\u00e9s pasamos los temas al gabinete\u201d, se\u00f1al\u00f3 uno de los participantes.<\/p>\n<\/blockquote>\n\n\n\n<h2 class=\"wp-block-heading\">Autocr\u00edtica y tensiones internas<\/h2>\n\n\n\n<p>Seg\u00fan trascendi\u00f3, el encuentro incluy\u00f3 un an\u00e1lisis cr\u00edtico del resultado electoral y de las falencias de la campa\u00f1a. Entre los puntos mencionados estuvieron:<\/p>\n\n\n\n<ul class=\"wp-block-list\">\n<li><strong>Subestimaci\u00f3n del aparato del PJ.<\/strong><\/li>\n\n\n\n<li><strong>Dificultades para movilizar al electorado propio.<\/strong><\/li>\n\n\n\n<li><strong>Falta de claridad al explicar el sentido del ajuste y el esfuerzo pedido a la sociedad.<\/strong><\/li>\n<\/ul>\n\n\n\n<p>En un comunicado, <strong>La Libertad Avanza (LLA)<\/strong> reconoci\u00f3 que el kirchnerismo despleg\u00f3 \u201cuna movilizaci\u00f3n masiva como nunca antes\u201d y admiti\u00f3 que no lograron convencer a todos los votantes afines al cambio.<\/p>\n\n\n\n<h2 class=\"wp-block-heading\">La mesa bonaerense, versi\u00f3n ampliada<\/h2>\n\n\n\n<p>Por la tarde, se realiz\u00f3 tambi\u00e9n un encuentro de la <strong>mesa pol\u00edtica bonaerense<\/strong>, esta vez con un formato ampliado. Participaron, adem\u00e1s de Karina Milei, Santiago Caputo y Sebasti\u00e1n Pareja (jefe de campa\u00f1a), los intendentes <strong>Diego Valenzuela<\/strong> (Tres de Febrero), <strong>Guillermo Montenegro<\/strong> (Mar del Plata) y <strong>Ram\u00f3n Lan\u00fas<\/strong> (San Isidro).<\/p>\n\n\n\n<p>Tambi\u00e9n se sum\u00f3 el ex comisario <strong>Maximiliano Bondarenko<\/strong>, electo diputado provincial, y referentes del PRO como <strong>Cristian Ritondo<\/strong> y <strong>Diego Santilli<\/strong>, que ya hab\u00edan formado parte de las negociaciones de la alianza electoral con los libertarios.<\/p>\n\n\n\n<h2 class=\"wp-block-heading\">Nuevas estrategias para octubre<\/h2>\n\n\n\n<p>La mesa resolvi\u00f3 reunirse todos los martes y ajustar el formato de la campa\u00f1a bonaerense, dejando de lado el enfoque estrictamente territorial. Pareja fue ratificado como jefe de campa\u00f1a.<\/p>\n\n\n\n<p>La consigna ser\u00e1 <strong>\u201cexplicar mejor la recompensa futura por el sacrificio actual\u201d<\/strong>, en l\u00ednea con el discurso presidencial.<\/p>\n\n\n\n<h2 class=\"wp-block-heading\">Lo que viene<\/h2>\n\n\n\n<p>Mientras tanto, Milei instruy\u00f3 a Guillermo Francos a <strong>retomar el di\u00e1logo con los gobernadores<\/strong> para impulsar una <strong>\u201cmesa de di\u00e1logo federal\u201d<\/strong>, a\u00fan sin fecha definida. Adem\u00e1s, convoc\u00f3 a una nueva reuni\u00f3n de Gabinete para este mi\u00e9rcoles, luego de las dos realizadas el lunes.<\/p>\n","protected":false},"excerpt":{"rendered":"<p>Milei busca recuperar centralidad tras la derrota en Buenos Aires El Gobierno reactiv\u00f3 este martes la mesa pol\u00edtica nacional, encabezada por el presidente Javier Milei, con el objetivo de reordenar la gesti\u00f3n y recalibrar la campa\u00f1a rumbo a las elecciones legislativas del 26 de octubre. La decisi\u00f3n se tom\u00f3 tras el duro rev\u00e9s electoral en [&hellip;]<\/p>\n","protected":false},"author":3,"featured_media":6005,"comment_status":"open","ping_status":"open","sticky":false,"template":"","format":"standard","meta":{"footnotes":""},"categories":[21],"tags":[],"class_list":{"0":"post-6004","1":"post","2":"type-post","3":"status-publish","4":"format-standard","5":"has-post-thumbnail","7":"category-municipio"},"_links":{"self":[{"href":"https:\/\/provinciadigital.com.ar\/index.php?rest_route=\/wp\/v2\/posts\/6004","targetHints":{"allow":["GET"]}}],"collection":[{"href":"https:\/\/provinciadigital.com.ar\/index.php?rest_route=\/wp\/v2\/posts"}],"about":[{"href":"https:\/\/provinciadigital.com.ar\/index.php?rest_route=\/wp\/v2\/types\/post"}],"author":[{"embeddable":true,"href":"https:\/\/provinciadigital.com.ar\/index.php?rest_route=\/wp\/v2\/users\/3"}],"replies":[{"embeddable":true,"href":"https:\/\/provinciadigital.com.ar\/index.php?rest_route=%2Fwp%2Fv2%2Fcomments&post=6004"}],"version-history":[{"count":2,"href":"https:\/\/provinciadigital.com.ar\/index.php?rest_route=\/wp\/v2\/posts\/6004\/revisions"}],"predecessor-version":[{"id":6007,"href":"https:\/\/provinciadigital.com.ar\/index.php?rest_route=\/wp\/v2\/posts\/6004\/revisions\/6007"}],"wp:featuredmedia":[{"embeddable":true,"href":"https:\/\/provinciadigital.com.ar\/index.php?rest_route=\/wp\/v2\/media\/6005"}],"wp:attachment":[{"href":"https:\/\/provinciadigital.com.ar\/index.php?rest_route=%2Fwp%2Fv2%2Fmedia&parent=6004"}],"wp:term":[{"taxonomy":"category","embeddable":true,"href":"https:\/\/provinciadigital.com.ar\/index.php?rest_route=%2Fwp%2Fv2%2Fcategories&post=6004"},{"taxonomy":"post_tag","embeddable":true,"href":"https:\/\/provinciadigital.com.ar\/index.php?rest_route=%2Fwp%2Fv2%2Ftags&post=6004"}],"curies":[{"name":"wp","href":"https:\/\/api.w.org\/{rel}","templated":true}]}}