{"id":6008,"date":"2025-09-15T16:24:12","date_gmt":"2025-09-15T16:24:12","guid":{"rendered":"https:\/\/provinciadigital.com.ar\/?p=6008"},"modified":"2025-09-15T16:24:12","modified_gmt":"2025-09-15T16:24:12","slug":"jose-c-paz-celebro-el-chamame-con-un-festival-para-toda-la-familia","status":"publish","type":"post","link":"https:\/\/provinciadigital.com.ar\/?p=6008","title":{"rendered":"Jos\u00e9 C. Paz celebr\u00f3 el chamam\u00e9 con un festival para toda la familia"},"content":{"rendered":"\n<h1 class=\"wp-block-heading\"><\/h1>\n\n\n\n<h2 class=\"wp-block-heading\">Cuarta edici\u00f3n de \u201cChamam\u00e9 para mi gente\u201d<\/h2>\n\n\n\n<p>El domingo, la Municipalidad de Jos\u00e9 C. Paz llev\u00f3 adelante la <strong>cuarta edici\u00f3n del festival \u201cChamam\u00e9 para mi gente\u201d<\/strong>, una jornada que reuni\u00f3 a cientos de vecinos en el <strong>Centro Tradicionalista El Fiador<\/strong>. El intendente <strong>Mario Ishii<\/strong> particip\u00f3 del encuentro, que se vivi\u00f3 en un clima de celebraci\u00f3n, tradici\u00f3n y pertenencia cultural.<\/p>\n\n\n\n<h2 class=\"wp-block-heading\">M\u00fasica y tradici\u00f3n desde la ma\u00f1ana<\/h2>\n\n\n\n<p>Desde las 10 de la ma\u00f1ana, el quincho del Fiador se llen\u00f3 de m\u00fasica con la actuaci\u00f3n de reconocidos artistas locales y nacionales. Entre los m\u00e1s aplaudidos estuvieron <strong>Alan Maidana, Ra\u00fal Ram\u00edrez, Dami\u00e1n Ayala, Los Desertores y Los Hijos de los Barrios<\/strong>, quienes tuvieron a su cargo el cierre del festival.<\/p>\n\n\n\n<p>El chamam\u00e9 ocupa un lugar especial en la identidad del distrito, donde miles de familias mantienen vivas las ra\u00edces culturales heredadas de provincias del nordeste argentino.<\/p>\n\n\n\n<h2 class=\"wp-block-heading\">Un espacio familiar y gratuito<\/h2>\n\n\n\n<p>La propuesta, de entrada libre y gratuita, se desarroll\u00f3 en un <strong>entorno 100% libre de alcohol<\/strong>, reafirmando la pol\u00edtica municipal de promover actividades inclusivas y seguras para todas las edades. Adem\u00e1s de la m\u00fasica y la danza, el festival se plante\u00f3 como un <strong>espacio de encuentro comunitario<\/strong>, fortaleciendo los v\u00ednculos entre los vecinos.<\/p>\n\n\n\n<h2 class=\"wp-block-heading\">Presencia institucional<\/h2>\n\n\n\n<p>Junto al intendente Ishii estuvieron el <strong>secretario de Gobierno, Pablo Mansilla<\/strong>, y el <strong>concejal Juan Manuel Mansilla<\/strong>, quienes acompa\u00f1aron la jornada y destacaron el compromiso del municipio con la cultura popular y el acceso equitativo a actividades recreativas.<\/p>\n\n\n\n<h2 class=\"wp-block-heading\">Cultura como pol\u00edtica p\u00fablica<\/h2>\n\n\n\n<p>La celebraci\u00f3n, realizada en <strong>Arregui (ex Florida) y Oribe<\/strong>, volvi\u00f3 a poner en valor el lema <strong>#EnJoseCPazTenesTodoLoQueNecesitas<\/strong>, reforzando la idea de que la gesti\u00f3n local busca posicionar al distrito como un espacio de encuentro, tradici\u00f3n y aprendizaje.<\/p>\n","protected":false},"excerpt":{"rendered":"<p>Cuarta edici\u00f3n de \u201cChamam\u00e9 para mi gente\u201d El domingo, la Municipalidad de Jos\u00e9 C. Paz llev\u00f3 adelante la cuarta edici\u00f3n del festival \u201cChamam\u00e9 para mi gente\u201d, una jornada que reuni\u00f3 a cientos de vecinos en el Centro Tradicionalista El Fiador. El intendente Mario Ishii particip\u00f3 del encuentro, que se vivi\u00f3 en un clima de celebraci\u00f3n, [&hellip;]<\/p>\n","protected":false},"author":3,"featured_media":6009,"comment_status":"open","ping_status":"open","sticky":false,"template":"","format":"standard","meta":{"footnotes":""},"categories":[21],"tags":[],"class_list":{"0":"post-6008","1":"post","2":"type-post","3":"status-publish","4":"format-standard","5":"has-post-thumbnail","7":"category-municipio"},"_links":{"self":[{"href":"https:\/\/provinciadigital.com.ar\/index.php?rest_route=\/wp\/v2\/posts\/6008","targetHints":{"allow":["GET"]}}],"collection":[{"href":"https:\/\/provinciadigital.com.ar\/index.php?rest_route=\/wp\/v2\/posts"}],"about":[{"href":"https:\/\/provinciadigital.com.ar\/index.php?rest_route=\/wp\/v2\/types\/post"}],"author":[{"embeddable":true,"href":"https:\/\/provinciadigital.com.ar\/index.php?rest_route=\/wp\/v2\/users\/3"}],"replies":[{"embeddable":true,"href":"https:\/\/provinciadigital.com.ar\/index.php?rest_route=%2Fwp%2Fv2%2Fcomments&post=6008"}],"version-history":[{"count":1,"href":"https:\/\/provinciadigital.com.ar\/index.php?rest_route=\/wp\/v2\/posts\/6008\/revisions"}],"predecessor-version":[{"id":6010,"href":"https:\/\/provinciadigital.com.ar\/index.php?rest_route=\/wp\/v2\/posts\/6008\/revisions\/6010"}],"wp:featuredmedia":[{"embeddable":true,"href":"https:\/\/provinciadigital.com.ar\/index.php?rest_route=\/wp\/v2\/media\/6009"}],"wp:attachment":[{"href":"https:\/\/provinciadigital.com.ar\/index.php?rest_route=%2Fwp%2Fv2%2Fmedia&parent=6008"}],"wp:term":[{"taxonomy":"category","embeddable":true,"href":"https:\/\/provinciadigital.com.ar\/index.php?rest_route=%2Fwp%2Fv2%2Fcategories&post=6008"},{"taxonomy":"post_tag","embeddable":true,"href":"https:\/\/provinciadigital.com.ar\/index.php?rest_route=%2Fwp%2Fv2%2Ftags&post=6008"}],"curies":[{"name":"wp","href":"https:\/\/api.w.org\/{rel}","templated":true}]}}