{"id":6011,"date":"2025-09-15T16:26:16","date_gmt":"2025-09-15T16:26:16","guid":{"rendered":"https:\/\/provinciadigital.com.ar\/?p=6011"},"modified":"2025-09-15T16:26:17","modified_gmt":"2025-09-15T16:26:17","slug":"con-la-maraton-san-miguel-arcangel-comenzaron-las-fiestas-patronales-2025","status":"publish","type":"post","link":"https:\/\/provinciadigital.com.ar\/?p=6011","title":{"rendered":"Con la Marat\u00f3n San Miguel Arc\u00e1ngel comenzaron las Fiestas Patronales 2025"},"content":{"rendered":"\n<h1 class=\"wp-block-heading\"><\/h1>\n\n\n\n<h2 class=\"wp-block-heading\">M\u00e1s de 6.000 vecinos participaron de la apertura<\/h2>\n\n\n\n<p>Con una gran convocatoria, la Municipalidad de San Miguel dio inicio ayer a las <strong>Fiestas Patronales 2025<\/strong> en honor a San Miguel Arc\u00e1ngel, el santo patrono del distrito. La jornada inaugural estuvo marcada por la <strong>tradicional marat\u00f3n<\/strong>, que reuni\u00f3 a m\u00e1s de 6.000 corredores en sus dos modalidades: <strong>participativa de 2 km<\/strong> y <strong>competitiva de 9 km<\/strong>. El intendente <strong>Jaime M\u00e9ndez<\/strong> tambi\u00e9n se sum\u00f3 a la carrera junto a los vecinos.<\/p>\n\n\n\n<h2 class=\"wp-block-heading\">Cultura, naturaleza y folklore en el arranque<\/h2>\n\n\n\n<p>La celebraci\u00f3n continu\u00f3 por la tarde con la <strong>123\u00b0 Fiesta del \u00c1rbol<\/strong>, realizada en la Reserva Natural Urbana El Corredor, donde familias enteras participaron de una <strong>plantaci\u00f3n colectiva<\/strong> y actividades ambientales.<\/p>\n\n\n\n<p>En paralelo, la Plaza de las Carretas fue escenario del festival <strong>\u201cRespir\u00e1 Folklore\u201d<\/strong>, con shows de <strong>Mart\u00edn Gallardo, Sachanautas Folk, Lumi y Chapa<\/strong>, adem\u00e1s de la presentaci\u00f3n del ballet <strong>Escuela Juana Manso<\/strong>, que aport\u00f3 danza y tradici\u00f3n a la fiesta popular.<\/p>\n\n\n\n<h2 class=\"wp-block-heading\">Pr\u00f3ximas actividades<\/h2>\n\n\n\n<p>El cronograma de las patronales se extender\u00e1 durante todo septiembre con propuestas para distintos p\u00fablicos:<\/p>\n\n\n\n<ul class=\"wp-block-list\">\n<li><strong>Domingo 21 de septiembre<\/strong>: <em>Desfile de Autos Cl\u00e1sicos<\/em>, con largada desde la Catedral a las 12 hs y llegada a la vieja estaci\u00f3n de Av. Francia y Sourdeaux. Habr\u00e1 m\u00fasica en vivo y patio gastron\u00f3mico.<\/li>\n\n\n\n<li><strong>Domingo 28 de septiembre<\/strong>: <em>Expo Bomberos 80\u00b0 aniversario<\/em>, en Av. Per\u00f3n entre Balb\u00edn y Tribulato, con exhibiciones de rescate vehicular, simulacros en altura y despliegue de unidades de emergencia.<\/li>\n\n\n\n<li><strong>Lunes 29 de septiembre (D\u00eda de San Miguel Arc\u00e1ngel)<\/strong>: <em>Procesi\u00f3n y misa central<\/em> desde las 17 hs en la Catedral de San Miguel. El cierre contar\u00e1 con un show musical de <strong>Axel<\/strong> y la cantante local <strong>Milagros Amud<\/strong>, reconocida por su participaci\u00f3n en <em>La Voz Argentina<\/em>.<\/li>\n<\/ul>\n\n\n\n<h2 class=\"wp-block-heading\">Identidad y comunidad<\/h2>\n\n\n\n<p>Las Fiestas Patronales son uno de los eventos m\u00e1s importantes del calendario local, ya que combinan deporte, cultura, fe y tradici\u00f3n. Desde el municipio remarcaron que la programaci\u00f3n busca <strong>reforzar la identidad sanmiguelina y ofrecer propuestas gratuitas y familiares para todos los vecinos<\/strong>.<\/p>\n","protected":false},"excerpt":{"rendered":"<p>M\u00e1s de 6.000 vecinos participaron de la apertura Con una gran convocatoria, la Municipalidad de San Miguel dio inicio ayer a las Fiestas Patronales 2025 en honor a San Miguel Arc\u00e1ngel, el santo patrono del distrito. La jornada inaugural estuvo marcada por la tradicional marat\u00f3n, que reuni\u00f3 a m\u00e1s de 6.000 corredores en sus dos [&hellip;]<\/p>\n","protected":false},"author":3,"featured_media":6012,"comment_status":"open","ping_status":"open","sticky":false,"template":"","format":"standard","meta":{"footnotes":""},"categories":[21],"tags":[],"class_list":{"0":"post-6011","1":"post","2":"type-post","3":"status-publish","4":"format-standard","5":"has-post-thumbnail","7":"category-municipio"},"_links":{"self":[{"href":"https:\/\/provinciadigital.com.ar\/index.php?rest_route=\/wp\/v2\/posts\/6011","targetHints":{"allow":["GET"]}}],"collection":[{"href":"https:\/\/provinciadigital.com.ar\/index.php?rest_route=\/wp\/v2\/posts"}],"about":[{"href":"https:\/\/provinciadigital.com.ar\/index.php?rest_route=\/wp\/v2\/types\/post"}],"author":[{"embeddable":true,"href":"https:\/\/provinciadigital.com.ar\/index.php?rest_route=\/wp\/v2\/users\/3"}],"replies":[{"embeddable":true,"href":"https:\/\/provinciadigital.com.ar\/index.php?rest_route=%2Fwp%2Fv2%2Fcomments&post=6011"}],"version-history":[{"count":1,"href":"https:\/\/provinciadigital.com.ar\/index.php?rest_route=\/wp\/v2\/posts\/6011\/revisions"}],"predecessor-version":[{"id":6013,"href":"https:\/\/provinciadigital.com.ar\/index.php?rest_route=\/wp\/v2\/posts\/6011\/revisions\/6013"}],"wp:featuredmedia":[{"embeddable":true,"href":"https:\/\/provinciadigital.com.ar\/index.php?rest_route=\/wp\/v2\/media\/6012"}],"wp:attachment":[{"href":"https:\/\/provinciadigital.com.ar\/index.php?rest_route=%2Fwp%2Fv2%2Fmedia&parent=6011"}],"wp:term":[{"taxonomy":"category","embeddable":true,"href":"https:\/\/provinciadigital.com.ar\/index.php?rest_route=%2Fwp%2Fv2%2Fcategories&post=6011"},{"taxonomy":"post_tag","embeddable":true,"href":"https:\/\/provinciadigital.com.ar\/index.php?rest_route=%2Fwp%2Fv2%2Ftags&post=6011"}],"curies":[{"name":"wp","href":"https:\/\/api.w.org\/{rel}","templated":true}]}}