{"id":6017,"date":"2025-09-16T16:50:57","date_gmt":"2025-09-16T16:50:57","guid":{"rendered":"https:\/\/provinciadigital.com.ar\/?p=6017"},"modified":"2025-09-16T16:50:57","modified_gmt":"2025-09-16T16:50:57","slug":"llega-el-4x4-off-road-fest-a-lujan","status":"publish","type":"post","link":"https:\/\/provinciadigital.com.ar\/?p=6017","title":{"rendered":"Llega el 4&#215;4 Off Road Fest a Luj\u00e1n"},"content":{"rendered":"\n<p><\/p>\n\n\n\n<p>El s\u00e1bado 27 de septiembre llega la 2\u00b0 edici\u00f3n del 4&#215;4 Off Road Fest, el evento m\u00e1s grande de equipamiento 4&#215;4 de la Rep\u00fablica Argentina.<br>Se realizar\u00e1 en el hotel Wyndham Garden Luj\u00e1n (RP 6 y r\u00edo Luj\u00e1n), de 10 a 19 hs, con entrada y estacionamiento libres.<br>M\u00e1s de 50 expositores de primera l\u00ednea expondr\u00e1n las \u00faltimas novedades en equipamiento para overlanding y traves\u00edas off road.<br>Habr\u00e1 food trucks, parrilla de campo, bandas en vivo, juegos para ni\u00f1os, vuelos en paratrike y mucho m\u00e1s. Un evento dise\u00f1ado para que toda la familia disfrute.<br>Tambi\u00e9n habr\u00e1 gran cantidad de sorteos, entre ellos, una traves\u00eda 4&#215;4 para dos personas con todos los gastos pagos.<br>Web: 4x4offroadfest.com<br>Instagram:&nbsp;@4x4offroadfest<\/p>\n","protected":false},"excerpt":{"rendered":"<p>El s\u00e1bado 27 de septiembre llega la 2\u00b0 edici\u00f3n del 4&#215;4 Off Road Fest, el evento m\u00e1s grande de equipamiento 4&#215;4 de la Rep\u00fablica Argentina.Se realizar\u00e1 en el hotel Wyndham Garden Luj\u00e1n (RP 6 y r\u00edo Luj\u00e1n), de 10 a 19 hs, con entrada y estacionamiento libres.M\u00e1s de 50 expositores de primera l\u00ednea expondr\u00e1n las [&hellip;]<\/p>\n","protected":false},"author":3,"featured_media":6018,"comment_status":"open","ping_status":"open","sticky":false,"template":"","format":"standard","meta":{"footnotes":""},"categories":[21],"tags":[],"class_list":{"0":"post-6017","1":"post","2":"type-post","3":"status-publish","4":"format-standard","5":"has-post-thumbnail","7":"category-municipio"},"_links":{"self":[{"href":"https:\/\/provinciadigital.com.ar\/index.php?rest_route=\/wp\/v2\/posts\/6017","targetHints":{"allow":["GET"]}}],"collection":[{"href":"https:\/\/provinciadigital.com.ar\/index.php?rest_route=\/wp\/v2\/posts"}],"about":[{"href":"https:\/\/provinciadigital.com.ar\/index.php?rest_route=\/wp\/v2\/types\/post"}],"author":[{"embeddable":true,"href":"https:\/\/provinciadigital.com.ar\/index.php?rest_route=\/wp\/v2\/users\/3"}],"replies":[{"embeddable":true,"href":"https:\/\/provinciadigital.com.ar\/index.php?rest_route=%2Fwp%2Fv2%2Fcomments&post=6017"}],"version-history":[{"count":1,"href":"https:\/\/provinciadigital.com.ar\/index.php?rest_route=\/wp\/v2\/posts\/6017\/revisions"}],"predecessor-version":[{"id":6019,"href":"https:\/\/provinciadigital.com.ar\/index.php?rest_route=\/wp\/v2\/posts\/6017\/revisions\/6019"}],"wp:featuredmedia":[{"embeddable":true,"href":"https:\/\/provinciadigital.com.ar\/index.php?rest_route=\/wp\/v2\/media\/6018"}],"wp:attachment":[{"href":"https:\/\/provinciadigital.com.ar\/index.php?rest_route=%2Fwp%2Fv2%2Fmedia&parent=6017"}],"wp:term":[{"taxonomy":"category","embeddable":true,"href":"https:\/\/provinciadigital.com.ar\/index.php?rest_route=%2Fwp%2Fv2%2Fcategories&post=6017"},{"taxonomy":"post_tag","embeddable":true,"href":"https:\/\/provinciadigital.com.ar\/index.php?rest_route=%2Fwp%2Fv2%2Ftags&post=6017"}],"curies":[{"name":"wp","href":"https:\/\/api.w.org\/{rel}","templated":true}]}}