{"id":6023,"date":"2025-09-16T16:53:41","date_gmt":"2025-09-16T16:53:41","guid":{"rendered":"https:\/\/provinciadigital.com.ar\/?p=6023"},"modified":"2025-09-16T16:53:42","modified_gmt":"2025-09-16T16:53:42","slug":"karina-milei-desistio-de-reclamar-que-no-se-difundan-sus-audios-y-denuncia-una-operacion-contra-su-familia","status":"publish","type":"post","link":"https:\/\/provinciadigital.com.ar\/?p=6023","title":{"rendered":"Karina Milei desisti\u00f3 de reclamar que no se difundan sus audios y denuncia una operaci\u00f3n contra su familia"},"content":{"rendered":"\n<h1 class=\"wp-block-heading\"><\/h1>\n\n\n\n<h2 class=\"wp-block-heading\">La funcionaria retir\u00f3 la cautelar<\/h2>\n\n\n\n<p>La secretaria general de la Presidencia, <strong>Karina Milei<\/strong>, desisti\u00f3 de la demanda que hab\u00eda presentado para impedir la difusi\u00f3n de audios en los que se la escucha y que habr\u00edan sido grabados en la <strong>Casa Rosada<\/strong>.<\/p>\n\n\n\n<p>La decisi\u00f3n fue comunicada al juez civil y comercial <strong>Patricio Maraniello<\/strong>, en el marco de una apelaci\u00f3n impulsada por la ONG <strong>Poder Ciudadano<\/strong>, seg\u00fan confirmaron fuentes judiciales.<\/p>\n\n\n\n<h2 class=\"wp-block-heading\">\u201cNo fue censura previa\u201d<\/h2>\n\n\n\n<p>En su escrito, Milei rechaz\u00f3 que la medida solicitada inicialmente buscara restringir la libertad de expresi\u00f3n:<\/p>\n\n\n\n<blockquote class=\"wp-block-quote is-layout-flow wp-block-quote-is-layout-flow\">\n<p>\u201cLa medida cautelar no fue solicitada como una censura previa y, mucho menos, con fundamento en que pudiese existir algo incriminatorio como pretendieron hacer creer y sostuvieron varios operadores\u201d, explic\u00f3.<\/p>\n<\/blockquote>\n\n\n\n<p>La funcionaria subray\u00f3 que los audios son parte de una <strong>maniobra de manipulaci\u00f3n<\/strong> y record\u00f3 que existe una denuncia penal a cargo del fiscal federal <strong>Carlos Stornelli<\/strong> para investigar su origen.<\/p>\n\n\n\n<h2 class=\"wp-block-heading\">Denuncia de operaci\u00f3n y audios manipulados<\/h2>\n\n\n\n<p>Seg\u00fan Milei, los audios difundidos fueron <strong>\u201cmanipulados y editados\u201d<\/strong> con el objetivo de da\u00f1ar su imagen y la de su familia:<\/p>\n\n\n\n<blockquote class=\"wp-block-quote is-layout-flow wp-block-quote-is-layout-flow\">\n<p>\u201cLa libertad de prensa no puede convertirse en un escudo para campa\u00f1as de manipulaci\u00f3n de la opini\u00f3n p\u00fablica ni para la utilizaci\u00f3n de audios, escuchas, videos o fotograf\u00edas obtenidas ilegalmente\u201d, afirm\u00f3.<\/p>\n<\/blockquote>\n\n\n\n<p>Asimismo, aclar\u00f3 que, por el momento, el contenido de las grabaciones no representa un riesgo para su seguridad personal ni para la de terceros, ni compromete a la seguridad nacional.<\/p>\n\n\n\n<h2 class=\"wp-block-heading\">Antecedentes judiciales<\/h2>\n\n\n\n<p>El pasado <strong>1\u00b0 de septiembre<\/strong>, el juez Maraniello hab\u00eda hecho lugar de forma parcial a la medida cautelar solicitada por Milei, disponiendo la <strong>prohibici\u00f3n de difundir los audios en medios de comunicaci\u00f3n<\/strong>.<\/p>\n\n\n\n<p>Con la decisi\u00f3n de la funcionaria de <strong>retirar el reclamo<\/strong>, el caso continuar\u00e1 bajo investigaci\u00f3n penal para determinar c\u00f3mo se obtuvieron y manipularon las grabaciones.<\/p>\n","protected":false},"excerpt":{"rendered":"<p>La funcionaria retir\u00f3 la cautelar La secretaria general de la Presidencia, Karina Milei, desisti\u00f3 de la demanda que hab\u00eda presentado para impedir la difusi\u00f3n de audios en los que se la escucha y que habr\u00edan sido grabados en la Casa Rosada. La decisi\u00f3n fue comunicada al juez civil y comercial Patricio Maraniello, en el marco [&hellip;]<\/p>\n","protected":false},"author":3,"featured_media":6024,"comment_status":"open","ping_status":"open","sticky":false,"template":"","format":"standard","meta":{"footnotes":""},"categories":[21],"tags":[],"class_list":{"0":"post-6023","1":"post","2":"type-post","3":"status-publish","4":"format-standard","5":"has-post-thumbnail","7":"category-municipio"},"_links":{"self":[{"href":"https:\/\/provinciadigital.com.ar\/index.php?rest_route=\/wp\/v2\/posts\/6023","targetHints":{"allow":["GET"]}}],"collection":[{"href":"https:\/\/provinciadigital.com.ar\/index.php?rest_route=\/wp\/v2\/posts"}],"about":[{"href":"https:\/\/provinciadigital.com.ar\/index.php?rest_route=\/wp\/v2\/types\/post"}],"author":[{"embeddable":true,"href":"https:\/\/provinciadigital.com.ar\/index.php?rest_route=\/wp\/v2\/users\/3"}],"replies":[{"embeddable":true,"href":"https:\/\/provinciadigital.com.ar\/index.php?rest_route=%2Fwp%2Fv2%2Fcomments&post=6023"}],"version-history":[{"count":1,"href":"https:\/\/provinciadigital.com.ar\/index.php?rest_route=\/wp\/v2\/posts\/6023\/revisions"}],"predecessor-version":[{"id":6025,"href":"https:\/\/provinciadigital.com.ar\/index.php?rest_route=\/wp\/v2\/posts\/6023\/revisions\/6025"}],"wp:featuredmedia":[{"embeddable":true,"href":"https:\/\/provinciadigital.com.ar\/index.php?rest_route=\/wp\/v2\/media\/6024"}],"wp:attachment":[{"href":"https:\/\/provinciadigital.com.ar\/index.php?rest_route=%2Fwp%2Fv2%2Fmedia&parent=6023"}],"wp:term":[{"taxonomy":"category","embeddable":true,"href":"https:\/\/provinciadigital.com.ar\/index.php?rest_route=%2Fwp%2Fv2%2Fcategories&post=6023"},{"taxonomy":"post_tag","embeddable":true,"href":"https:\/\/provinciadigital.com.ar\/index.php?rest_route=%2Fwp%2Fv2%2Ftags&post=6023"}],"curies":[{"name":"wp","href":"https:\/\/api.w.org\/{rel}","templated":true}]}}