{"id":6026,"date":"2025-09-18T17:20:34","date_gmt":"2025-09-18T17:20:34","guid":{"rendered":"https:\/\/provinciadigital.com.ar\/?p=6026"},"modified":"2025-09-18T17:20:35","modified_gmt":"2025-09-18T17:20:35","slug":"tigre-celebro-el-parlamento-juvenil-2025-con-la-participacion-de-mas-de-50-estudiantes","status":"publish","type":"post","link":"https:\/\/provinciadigital.com.ar\/?p=6026","title":{"rendered":"Tigre celebr\u00f3 el Parlamento Juvenil 2025 con la participaci\u00f3n de m\u00e1s de 50 estudiantes"},"content":{"rendered":"\n<h3 class=\"wp-block-heading\"><strong>El intendente Julio Zamora destac\u00f3 la importancia del compromiso pol\u00edtico de las juventudes en un contexto social y econ\u00f3mico desafiante.<\/strong><\/h3>\n\n\n\n<h3 class=\"wp-block-heading\"><strong>Un espacio de debate y participaci\u00f3n<\/strong><\/h3>\n\n\n\n<p>El intendente <strong>Julio Zamora<\/strong> y la secretaria de Desarrollo Social y Pol\u00edticas de Inclusi\u00f3n, <strong>Gisela Zamora<\/strong>, acompa\u00f1aron la iniciativa, resaltando el valor de la participaci\u00f3n estudiantil.<\/p>\n\n\n\n<p>\u201cEs muy importante que los j\u00f3venes est\u00e9n involucrados en la pol\u00edtica, que conozcan los espacios donde se puede debatir y que comprendan que sus ideas pueden concretarse. La participaci\u00f3n juvenil significa sangre nueva, ideas frescas, di\u00e1logo y escucha atenta en un contexto econ\u00f3mico desafiante\u201d, afirm\u00f3 el jefe comunal.<\/p>\n\n\n\n<hr class=\"wp-block-separator has-alpha-channel-opacity\"\/>\n\n\n\n<h3 class=\"wp-block-heading\"><strong>Ejes de trabajo<\/strong><\/h3>\n\n\n\n<p>Durante la jornada, los estudiantes debatieron en comisiones sobre <strong>nueve tem\u00e1ticas centrales<\/strong>:<\/p>\n\n\n\n<ul class=\"wp-block-list\">\n<li><strong>J\u00f3venes y trabajo<\/strong>: inserci\u00f3n laboral, educaci\u00f3n y empleo, inclusi\u00f3n financiera.<\/li>\n\n\n\n<li><strong>Educaci\u00f3n Sexual Integral (ESI)<\/strong>: derechos, prevenci\u00f3n de violencias y v\u00ednculos saludables.<\/li>\n\n\n\n<li><strong>Participaci\u00f3n ciudadana<\/strong>: rol en la democracia, centros de estudiantes y compromiso comunitario.<\/li>\n\n\n\n<li><strong>Derechos humanos<\/strong>: memoria, integraci\u00f3n regional y desarrollo democr\u00e1tico.<\/li>\n\n\n\n<li><strong>Salud mental<\/strong>: redes de cuidado, bienestar emocional y visibilizaci\u00f3n de problem\u00e1ticas.<\/li>\n\n\n\n<li><strong>Comunicaci\u00f3n y medios<\/strong>: fake news, redes sociales y producci\u00f3n de contenidos cr\u00edticos.<\/li>\n\n\n\n<li><strong>Educaci\u00f3n ambiental integral<\/strong>: derecho a un ambiente sano, justicia social y sostenibilidad.<\/li>\n\n\n\n<li><strong>Soberan\u00eda energ\u00e9tica<\/strong>: historia de YPF y su impacto en el desarrollo nacional.<\/li>\n<\/ul>\n\n\n\n<hr class=\"wp-block-separator has-alpha-channel-opacity\"\/>\n\n\n\n<h3 class=\"wp-block-heading\"><strong>Voces del encuentro<\/strong><\/h3>\n\n\n\n<p>La secretaria Gisela Zamora subray\u00f3 que el Parlamento Juvenil \u201cfomenta principalmente el encuentro, el di\u00e1logo y el conocimiento acerca de la comunidad, permitiendo generar pensamiento cr\u00edtico entre los j\u00f3venes\u201d.<\/p>\n\n\n\n<p>Por su parte, <strong>Dante<\/strong>, estudiante de la Escuela T\u00e9cnica N\u00ba3 de Benavidez, expres\u00f3:<\/p>\n\n\n\n<blockquote class=\"wp-block-quote is-layout-flow wp-block-quote-is-layout-flow\">\n<p>\u201cEs esencial que se nos escuche, que se preste atenci\u00f3n a nuestra voz para comunicar nuestras inquietudes, quejas y propuestas. Busco potenciar ideas que ya est\u00e1n en marcha, pero que quiz\u00e1 necesitan un empuj\u00f3n adicional para funcionar a mayor escala\u201d.<\/p>\n<\/blockquote>\n\n\n\n<hr class=\"wp-block-separator has-alpha-channel-opacity\"\/>\n\n\n\n<h3 class=\"wp-block-heading\"><strong>Formaci\u00f3n ciudadana y compromiso social<\/strong><\/h3>\n\n\n\n<p>El Municipio de Tigre reafirm\u00f3 con esta iniciativa su <strong>compromiso con la formaci\u00f3n de una ciudadan\u00eda activa y cr\u00edtica<\/strong>, impulsando el protagonismo juvenil como motor de transformaci\u00f3n social.<\/p>\n\n\n\n<p>La experiencia permiti\u00f3 a los j\u00f3venes comprender de cerca el funcionamiento del Concejo Deliberante y dej\u00f3 en claro que su participaci\u00f3n representa un aporte clave para el fortalecimiento democr\u00e1tico en la comunidad.<\/p>\n","protected":false},"excerpt":{"rendered":"<p>El intendente Julio Zamora destac\u00f3 la importancia del compromiso pol\u00edtico de las juventudes en un contexto social y econ\u00f3mico desafiante. Un espacio de debate y participaci\u00f3n El intendente Julio Zamora y la secretaria de Desarrollo Social y Pol\u00edticas de Inclusi\u00f3n, Gisela Zamora, acompa\u00f1aron la iniciativa, resaltando el valor de la participaci\u00f3n estudiantil. \u201cEs muy importante [&hellip;]<\/p>\n","protected":false},"author":3,"featured_media":6027,"comment_status":"open","ping_status":"open","sticky":false,"template":"","format":"standard","meta":{"footnotes":""},"categories":[21],"tags":[],"class_list":{"0":"post-6026","1":"post","2":"type-post","3":"status-publish","4":"format-standard","5":"has-post-thumbnail","7":"category-municipio"},"_links":{"self":[{"href":"https:\/\/provinciadigital.com.ar\/index.php?rest_route=\/wp\/v2\/posts\/6026","targetHints":{"allow":["GET"]}}],"collection":[{"href":"https:\/\/provinciadigital.com.ar\/index.php?rest_route=\/wp\/v2\/posts"}],"about":[{"href":"https:\/\/provinciadigital.com.ar\/index.php?rest_route=\/wp\/v2\/types\/post"}],"author":[{"embeddable":true,"href":"https:\/\/provinciadigital.com.ar\/index.php?rest_route=\/wp\/v2\/users\/3"}],"replies":[{"embeddable":true,"href":"https:\/\/provinciadigital.com.ar\/index.php?rest_route=%2Fwp%2Fv2%2Fcomments&post=6026"}],"version-history":[{"count":1,"href":"https:\/\/provinciadigital.com.ar\/index.php?rest_route=\/wp\/v2\/posts\/6026\/revisions"}],"predecessor-version":[{"id":6028,"href":"https:\/\/provinciadigital.com.ar\/index.php?rest_route=\/wp\/v2\/posts\/6026\/revisions\/6028"}],"wp:featuredmedia":[{"embeddable":true,"href":"https:\/\/provinciadigital.com.ar\/index.php?rest_route=\/wp\/v2\/media\/6027"}],"wp:attachment":[{"href":"https:\/\/provinciadigital.com.ar\/index.php?rest_route=%2Fwp%2Fv2%2Fmedia&parent=6026"}],"wp:term":[{"taxonomy":"category","embeddable":true,"href":"https:\/\/provinciadigital.com.ar\/index.php?rest_route=%2Fwp%2Fv2%2Fcategories&post=6026"},{"taxonomy":"post_tag","embeddable":true,"href":"https:\/\/provinciadigital.com.ar\/index.php?rest_route=%2Fwp%2Fv2%2Ftags&post=6026"}],"curies":[{"name":"wp","href":"https:\/\/api.w.org\/{rel}","templated":true}]}}