{"id":6038,"date":"2025-09-23T17:16:29","date_gmt":"2025-09-23T17:16:29","guid":{"rendered":"https:\/\/provinciadigital.com.ar\/?p=6038"},"modified":"2025-09-23T17:16:29","modified_gmt":"2025-09-23T17:16:29","slug":"desalojo-en-almagro-la-ciudad-devolvio-a-su-dueno-un-edificio-usurpado-durante-9-anos","status":"publish","type":"post","link":"https:\/\/provinciadigital.com.ar\/?p=6038","title":{"rendered":"Desalojo en Almagro: la Ciudad devolvi\u00f3 a su due\u00f1o un edificio usurpado durante 9 a\u00f1os"},"content":{"rendered":"\n<h1 class=\"wp-block-heading\"><\/h1>\n\n\n\n<h3 class=\"wp-block-heading\">El inmueble de cuatro pisos, ubicado en Maza 19, ser\u00e1 destinado a un centro de salud privado; el operativo fue ordenado por la Justicia y encabezado por la Polic\u00eda de la Ciudad<\/h3>\n\n\n\n<p>El Gobierno porte\u00f1o concret\u00f3 este martes el desalojo de un edificio de cuatro pisos en el barrio de Almagro, que hab\u00eda estado usurpado durante nueve a\u00f1os. El inmueble fue restituido a su propietario, quien proyecta construir all\u00ed un centro de salud privado.<\/p>\n\n\n\n<hr class=\"wp-block-separator has-alpha-channel-opacity\"\/>\n\n\n\n<h2 class=\"wp-block-heading\">Un operativo con intervenci\u00f3n judicial<\/h2>\n\n\n\n<p>El procedimiento fue ordenado por el juez Carlos Hugo Goggi, titular del Juzgado Nacional de Primera Instancia en lo Civil N\u00b091. Participaron la Polic\u00eda de la Ciudad, el Ministerio de Seguridad, el Ministerio de Espacio P\u00fablico e Higiene Urbana y equipos de la Red de Atenci\u00f3n.<\/p>\n\n\n\n<p>Desde el Gobierno porte\u00f1o remarcaron que los desalojos buscan garantizar el respeto por la propiedad privada, reforzar la seguridad y restituir inmuebles a sus due\u00f1os leg\u00edtimos.<\/p>\n\n\n\n<hr class=\"wp-block-separator has-alpha-channel-opacity\"\/>\n\n\n\n<h2 class=\"wp-block-heading\">La postura del Ejecutivo<\/h2>\n\n\n\n<p>El jefe de Gobierno, Jorge Macri, expres\u00f3:<br>\u201cAs\u00ed como terminamos con los piquetes y acampes, tenemos la decisi\u00f3n pol\u00edtica de terminar con las usurpaciones. La regla es clara: en la Ciudad, la propiedad privada se respeta y la ley se cumple\u201d.<\/p>\n\n\n\n<hr class=\"wp-block-separator has-alpha-channel-opacity\"\/>\n\n\n\n<h2 class=\"wp-block-heading\">Balance de la gesti\u00f3n<\/h2>\n\n\n\n<p>Seg\u00fan datos oficiales, entre 2024 y lo que va de 2025 ya se realizaron <strong>440 operativos<\/strong> de este tipo. Entre los casos m\u00e1s destacados se encuentran:<\/p>\n\n\n\n<ul class=\"wp-block-list\">\n<li>La Casa Blaquier, en el centro porte\u00f1o, ocupada por m\u00e1s de 40 a\u00f1os.<\/li>\n\n\n\n<li>Un predio en San Telmo tomado durante 12 a\u00f1os por organizaciones piqueteras.<\/li>\n\n\n\n<li>El edificio conocido como \u201cElefante Blanco\u201d de Belgrano, usurpado desde la d\u00e9cada del \u201960.<\/li>\n\n\n\n<li>Varios hoteles que fueron restituidos a sus propietarios.<\/li>\n<\/ul>\n\n\n\n<p>A su vez, el Ejecutivo avanz\u00f3 en <strong>10 megaoperativos contra la venta ilegal en la v\u00eda p\u00fablica<\/strong>, en zonas como Once, Flores, Parque Centenario, Chacarita, Parque Patricios y Constituci\u00f3n. Tambi\u00e9n desarm\u00f3 ranchadas en espacios como Aeroparque, Plaza Lavalle y el Congreso, y la feria ilegal de la calle Perette en Retiro.<\/p>\n","protected":false},"excerpt":{"rendered":"<p>El inmueble de cuatro pisos, ubicado en Maza 19, ser\u00e1 destinado a un centro de salud privado; el operativo fue ordenado por la Justicia y encabezado por la Polic\u00eda de la Ciudad El Gobierno porte\u00f1o concret\u00f3 este martes el desalojo de un edificio de cuatro pisos en el barrio de Almagro, que hab\u00eda estado usurpado [&hellip;]<\/p>\n","protected":false},"author":3,"featured_media":6039,"comment_status":"open","ping_status":"open","sticky":false,"template":"","format":"standard","meta":{"footnotes":""},"categories":[21],"tags":[],"class_list":{"0":"post-6038","1":"post","2":"type-post","3":"status-publish","4":"format-standard","5":"has-post-thumbnail","7":"category-municipio"},"_links":{"self":[{"href":"https:\/\/provinciadigital.com.ar\/index.php?rest_route=\/wp\/v2\/posts\/6038","targetHints":{"allow":["GET"]}}],"collection":[{"href":"https:\/\/provinciadigital.com.ar\/index.php?rest_route=\/wp\/v2\/posts"}],"about":[{"href":"https:\/\/provinciadigital.com.ar\/index.php?rest_route=\/wp\/v2\/types\/post"}],"author":[{"embeddable":true,"href":"https:\/\/provinciadigital.com.ar\/index.php?rest_route=\/wp\/v2\/users\/3"}],"replies":[{"embeddable":true,"href":"https:\/\/provinciadigital.com.ar\/index.php?rest_route=%2Fwp%2Fv2%2Fcomments&post=6038"}],"version-history":[{"count":1,"href":"https:\/\/provinciadigital.com.ar\/index.php?rest_route=\/wp\/v2\/posts\/6038\/revisions"}],"predecessor-version":[{"id":6040,"href":"https:\/\/provinciadigital.com.ar\/index.php?rest_route=\/wp\/v2\/posts\/6038\/revisions\/6040"}],"wp:featuredmedia":[{"embeddable":true,"href":"https:\/\/provinciadigital.com.ar\/index.php?rest_route=\/wp\/v2\/media\/6039"}],"wp:attachment":[{"href":"https:\/\/provinciadigital.com.ar\/index.php?rest_route=%2Fwp%2Fv2%2Fmedia&parent=6038"}],"wp:term":[{"taxonomy":"category","embeddable":true,"href":"https:\/\/provinciadigital.com.ar\/index.php?rest_route=%2Fwp%2Fv2%2Fcategories&post=6038"},{"taxonomy":"post_tag","embeddable":true,"href":"https:\/\/provinciadigital.com.ar\/index.php?rest_route=%2Fwp%2Fv2%2Ftags&post=6038"}],"curies":[{"name":"wp","href":"https:\/\/api.w.org\/{rel}","templated":true}]}}