{"id":6041,"date":"2025-09-29T16:02:48","date_gmt":"2025-09-29T16:02:48","guid":{"rendered":"https:\/\/provinciadigital.com.ar\/?p=6041"},"modified":"2025-09-29T16:02:49","modified_gmt":"2025-09-29T16:02:49","slug":"el-municipio-de-lujan-lanza-dos-encuestas-claves-para-definir-el-futuro-formativo-2025-2026","status":"publish","type":"post","link":"https:\/\/provinciadigital.com.ar\/?p=6041","title":{"rendered":"El Municipio de Luj\u00e1n lanza dos encuestas claves para definir el futuro formativo 2025-2026"},"content":{"rendered":"\n<p><\/p>\n\n\n\n<p>El Municipio de Luj\u00e1n invita a toda la comunidad a participar en dos encuestas fundamentales que marcar\u00e1n la pauta de la formaci\u00f3n educativa y laboral para los pr\u00f3ximos a\u00f1os. Estas encuestas se enmarcan dentro del proceso de cocreaci\u00f3n del programa &#8220;Estudi\u00e1 en Luj\u00e1n&#8221;, como parte de la Estrategia Marca Luj\u00e1n. El objetivo es conocer las necesidades de la comunidad y el sector productivo, para ofrecer una oferta educativa adecuada a las demandas para el bienio 2026-2027.<\/p>\n\n\n\n<h3 class=\"wp-block-heading\">Un paso hacia la planificaci\u00f3n colaborativa<\/h3>\n\n\n\n<p>Las encuestas buscan garantizar que los cursos, capacitaciones y talleres sean dise\u00f1ados para responder a las necesidades reales de la industria, el comercio, los organismos p\u00fablicos y los vecinos de Luj\u00e1n. Esta planificaci\u00f3n colaborativa se realiza en conjunto con el Consejo Provincial de Educaci\u00f3n y Trabajo (COPRET), asegurando que la formaci\u00f3n propuesta se ajuste a los cambios del mercado y favorezca la empleabilidad y el desarrollo local.<\/p>\n\n\n\n<p>El intendente municipal, Leonardo Boto, destac\u00f3 que \u201cestas encuestas son una herramienta fundamental para construir, junto con los actores productivos y la comunidad, una agenda de formaci\u00f3n que favorezca la innovaci\u00f3n, el empleo y el desarrollo regional.\u201d<\/p>\n\n\n\n<h3 class=\"wp-block-heading\">Las encuestas disponibles<\/h3>\n\n\n\n<h4 class=\"wp-block-heading\">Encuesta para el Sector Productivo \/ Empresarial<\/h4>\n\n\n\n<p>Esta encuesta est\u00e1 dirigida a empresas, comercios, cooperativas y organismos p\u00fablicos. Su objetivo es:<\/p>\n\n\n\n<ul class=\"wp-block-list\">\n<li>Identificar las \u00e1reas de capacitaci\u00f3n m\u00e1s demandadas, como producci\u00f3n, mantenimiento, log\u00edstica, ventas y tecnolog\u00eda.<\/li>\n\n\n\n<li>Conocer las expectativas de contrataci\u00f3n para los pr\u00f3ximos meses.<\/li>\n\n\n\n<li>Establecer las prioridades formativas para apoyar el crecimiento de las organizaciones.<\/li>\n<\/ul>\n\n\n\n<p><em>Acceso al formulario:<\/em> <a href=\"https:\/\/docs.google.com\/forms\/d\/e\/1FAIpQLScDriiv-94w8P0PRjf3x97c1YN__lsWemici18P61t6SOJ7Pg\/viewform?usp=header\">Encuesta Sector Productivo<\/a><br><em>Disponible hasta el 15 de octubre inclusive.<\/em><\/p>\n\n\n\n<h4 class=\"wp-block-heading\">Encuesta para la Ciudadan\u00eda en General<\/h4>\n\n\n\n<p>Abierta a todos los vecinos de Luj\u00e1n, esta encuesta tiene los siguientes objetivos:<\/p>\n\n\n\n<ul class=\"wp-block-list\">\n<li>Conocer los intereses de formaci\u00f3n profesional y personal de la comunidad.<\/li>\n\n\n\n<li>Determinar la demanda en \u00e1reas como oficios, nuevas tecnolog\u00edas, idiomas, gastronom\u00eda, cultura y deportes.<\/li>\n\n\n\n<li>Identificar las preferencias sobre la modalidad de los cursos (presenciales, virtuales, h\u00edbridos).<\/li>\n<\/ul>\n\n\n\n<p><em>Acceso al formulario:<\/em> <a href=\"https:\/\/docs.google.com\/forms\/d\/e\/1FAIpQLSc-pVhHpUkUje3AIhPYUNO1j0h6MhqEuzm8YxzTKDjsyhzYmA\/viewform?usp=header\">Encuesta para la Ciudadan\u00eda<\/a><br><em>Disponible hasta el 15 de octubre inclusive.<\/em><\/p>\n\n\n\n<h3 class=\"wp-block-heading\">Reflexi\u00f3n sobre la educaci\u00f3n moderna: hacia un cambio profundo<\/h3>\n\n\n\n<p>Las encuestas lanzadas por el Municipio de Luj\u00e1n representan un paso pr\u00e1ctico y necesario para ajustar la formaci\u00f3n a las necesidades inmediatas de la comunidad y el sector productivo. Sin embargo, nos invitan a reflexionar sobre el modelo educativo en general. Vivimos en un mundo cada vez m\u00e1s din\u00e1mico, donde los avances tecnol\u00f3gicos y sociales son cada vez m\u00e1s r\u00e1pidos. En este contexto, el sistema educativo debe ir m\u00e1s all\u00e1 de la simple capacitaci\u00f3n t\u00e9cnica y adaptarse a los cambios globales.<\/p>\n\n\n\n<p>El verdadero reto de la educaci\u00f3n moderna no es solo ense\u00f1ar habilidades para trabajos existentes, sino fomentar la capacidad de adaptaci\u00f3n. Los estudiantes deben estar preparados para abordar problemas que hoy no podemos prever. La educaci\u00f3n, m\u00e1s que un proceso de adquisici\u00f3n de conocimientos, debe ser un ejercicio de formaci\u00f3n integral: no solo t\u00e9cnica, sino tambi\u00e9n \u00e9tica, creativa y cr\u00edtica.<\/p>\n\n\n\n<p>Es aqu\u00ed donde se encuentra una de las mayores falencias del sistema educativo actual: la tendencia a centrarse exclusivamente en el mercado laboral inmediato. Las instituciones educativas, p\u00fablicas y privadas, en muchos casos, siguen modelos formativos que promueven la especializaci\u00f3n sin dar lugar a la creatividad o el pensamiento independiente. Esto es particularmente preocupante cuando los avances tecnol\u00f3gicos exigen individuos capaces de innovar, pensar m\u00e1s all\u00e1 de lo convencional y adaptarse a un mundo en constante transformaci\u00f3n.<\/p>\n\n\n\n<h3 class=\"wp-block-heading\">La flexibilidad como clave para el futuro<\/h3>\n\n\n\n<p>La flexibilidad en la educaci\u00f3n es crucial. Las opciones h\u00edbridas, virtuales o presenciales, como las planteadas en las encuestas, son un paso positivo, pero no suficientes. Es necesario pensar en una educaci\u00f3n m\u00e1s flexible, que no solo considere el presente, sino tambi\u00e9n el futuro incierto. Se necesita una educaci\u00f3n que, adem\u00e1s de formar profesionales competentes, cultive ciudadanos cr\u00edticos, \u00e9ticos y capaces de generar soluciones ante los retos globales.<\/p>\n\n\n\n<p>El sistema educativo debe adaptarse a la diversidad de intereses y habilidades, respetando las particularidades de cada individuo y ofreciendo diversas modalidades que fomenten la equidad. Al mismo tiempo, la formaci\u00f3n debe incluir no solo habilidades t\u00e9cnicas, sino tambi\u00e9n la capacidad de pensar, reflexionar y cuestionar.<\/p>\n","protected":false},"excerpt":{"rendered":"<p>El Municipio de Luj\u00e1n invita a toda la comunidad a participar en dos encuestas fundamentales que marcar\u00e1n la pauta de la formaci\u00f3n educativa y laboral para los pr\u00f3ximos a\u00f1os. Estas encuestas se enmarcan dentro del proceso de cocreaci\u00f3n del programa &#8220;Estudi\u00e1 en Luj\u00e1n&#8221;, como parte de la Estrategia Marca Luj\u00e1n. El objetivo es conocer las [&hellip;]<\/p>\n","protected":false},"author":3,"featured_media":6042,"comment_status":"open","ping_status":"open","sticky":false,"template":"","format":"standard","meta":{"footnotes":""},"categories":[21],"tags":[],"class_list":{"0":"post-6041","1":"post","2":"type-post","3":"status-publish","4":"format-standard","5":"has-post-thumbnail","7":"category-municipio"},"_links":{"self":[{"href":"https:\/\/provinciadigital.com.ar\/index.php?rest_route=\/wp\/v2\/posts\/6041","targetHints":{"allow":["GET"]}}],"collection":[{"href":"https:\/\/provinciadigital.com.ar\/index.php?rest_route=\/wp\/v2\/posts"}],"about":[{"href":"https:\/\/provinciadigital.com.ar\/index.php?rest_route=\/wp\/v2\/types\/post"}],"author":[{"embeddable":true,"href":"https:\/\/provinciadigital.com.ar\/index.php?rest_route=\/wp\/v2\/users\/3"}],"replies":[{"embeddable":true,"href":"https:\/\/provinciadigital.com.ar\/index.php?rest_route=%2Fwp%2Fv2%2Fcomments&post=6041"}],"version-history":[{"count":1,"href":"https:\/\/provinciadigital.com.ar\/index.php?rest_route=\/wp\/v2\/posts\/6041\/revisions"}],"predecessor-version":[{"id":6043,"href":"https:\/\/provinciadigital.com.ar\/index.php?rest_route=\/wp\/v2\/posts\/6041\/revisions\/6043"}],"wp:featuredmedia":[{"embeddable":true,"href":"https:\/\/provinciadigital.com.ar\/index.php?rest_route=\/wp\/v2\/media\/6042"}],"wp:attachment":[{"href":"https:\/\/provinciadigital.com.ar\/index.php?rest_route=%2Fwp%2Fv2%2Fmedia&parent=6041"}],"wp:term":[{"taxonomy":"category","embeddable":true,"href":"https:\/\/provinciadigital.com.ar\/index.php?rest_route=%2Fwp%2Fv2%2Fcategories&post=6041"},{"taxonomy":"post_tag","embeddable":true,"href":"https:\/\/provinciadigital.com.ar\/index.php?rest_route=%2Fwp%2Fv2%2Ftags&post=6041"}],"curies":[{"name":"wp","href":"https:\/\/api.w.org\/{rel}","templated":true}]}}