{"id":6083,"date":"2025-11-04T15:50:00","date_gmt":"2025-11-04T15:50:00","guid":{"rendered":"https:\/\/provinciadigital.com.ar\/?p=6083"},"modified":"2026-01-08T04:04:48","modified_gmt":"2026-01-08T04:04:48","slug":"la-ciudad-informa-que-el-transporte-sera-gratuito-la-noche-de-los-museos","status":"publish","type":"post","link":"https:\/\/provinciadigital.com.ar\/?p=6083","title":{"rendered":"LA CIUDAD INFORMA QUE EL TRANSPORTE SER\u00c1 GRATUITO LA NOCHE DE LOS MUSEOS"},"content":{"rendered":"\n<p>La Ciudad de Buenos Aires anunci\u00f3 que el transporte p\u00fablico ser\u00e1 gratuito durante la Noche de los Museos, con el objetivo de facilitar el acceso de vecinos y turistas a uno de los eventos culturales m\u00e1s convocantes del a\u00f1o. La medida busca promover la participaci\u00f3n masiva y garantizar una circulaci\u00f3n segura y ordenada en toda la ciudad durante la jornada nocturna.<\/p>\n\n\n\n<p>Seg\u00fan informaron fuentes oficiales, la gratuidad alcanzar\u00e1 a colectivos, subtes y servicios especiales, que funcionar\u00e1n con horarios extendidos desde la tarde hasta la madrugada. Adem\u00e1s, se reforzar\u00e1n las frecuencias en los principales corredores y zonas culturales, para acompa\u00f1ar el alto flujo de personas que se espera en museos, centros culturales y espacios patrimoniales.<\/p>\n\n\n\n<p>La Noche de los Museos ofrecer\u00e1 entrada libre y gratuita a cientos de espacios culturales, con propuestas que incluyen exposiciones, visitas guiadas, espect\u00e1culos en vivo y actividades especiales. El transporte gratuito permitir\u00e1 una mayor integraci\u00f3n entre los distintos barrios porte\u00f1os y facilitar\u00e1 recorridos m\u00faltiples a lo largo de la noche.<\/p>\n\n\n\n<p>Desde el Gobierno porte\u00f1o destacaron que la iniciativa forma parte de una pol\u00edtica sostenida de acceso a la cultura y uso del transporte p\u00fablico, al tiempo que contribuye a reducir el tr\u00e1nsito vehicular y el impacto ambiental. Se recomienda a los asistentes planificar sus recorridos con anticipaci\u00f3n y utilizar los servicios habilitados para disfrutar plenamente del evento.<\/p>\n","protected":false},"excerpt":{"rendered":"<p>La Ciudad de Buenos Aires anunci\u00f3 que el transporte p\u00fablico ser\u00e1 gratuito durante la Noche de los Museos, con el objetivo de facilitar el acceso de vecinos y turistas a uno de los eventos culturales m\u00e1s convocantes del a\u00f1o. La medida busca promover la participaci\u00f3n masiva y garantizar una circulaci\u00f3n segura y ordenada en toda [&hellip;]<\/p>\n","protected":false},"author":1,"featured_media":6088,"comment_status":"open","ping_status":"open","sticky":false,"template":"","format":"standard","meta":{"footnotes":""},"categories":[131],"tags":[199],"class_list":{"0":"post-6083","1":"post","2":"type-post","3":"status-publish","4":"format-standard","5":"has-post-thumbnail","7":"category-caba","8":"tag-museos-caba-transporte-gratuito"},"_links":{"self":[{"href":"https:\/\/provinciadigital.com.ar\/index.php?rest_route=\/wp\/v2\/posts\/6083","targetHints":{"allow":["GET"]}}],"collection":[{"href":"https:\/\/provinciadigital.com.ar\/index.php?rest_route=\/wp\/v2\/posts"}],"about":[{"href":"https:\/\/provinciadigital.com.ar\/index.php?rest_route=\/wp\/v2\/types\/post"}],"author":[{"embeddable":true,"href":"https:\/\/provinciadigital.com.ar\/index.php?rest_route=\/wp\/v2\/users\/1"}],"replies":[{"embeddable":true,"href":"https:\/\/provinciadigital.com.ar\/index.php?rest_route=%2Fwp%2Fv2%2Fcomments&post=6083"}],"version-history":[{"count":1,"href":"https:\/\/provinciadigital.com.ar\/index.php?rest_route=\/wp\/v2\/posts\/6083\/revisions"}],"predecessor-version":[{"id":6085,"href":"https:\/\/provinciadigital.com.ar\/index.php?rest_route=\/wp\/v2\/posts\/6083\/revisions\/6085"}],"wp:featuredmedia":[{"embeddable":true,"href":"https:\/\/provinciadigital.com.ar\/index.php?rest_route=\/wp\/v2\/media\/6088"}],"wp:attachment":[{"href":"https:\/\/provinciadigital.com.ar\/index.php?rest_route=%2Fwp%2Fv2%2Fmedia&parent=6083"}],"wp:term":[{"taxonomy":"category","embeddable":true,"href":"https:\/\/provinciadigital.com.ar\/index.php?rest_route=%2Fwp%2Fv2%2Fcategories&post=6083"},{"taxonomy":"post_tag","embeddable":true,"href":"https:\/\/provinciadigital.com.ar\/index.php?rest_route=%2Fwp%2Fv2%2Ftags&post=6083"}],"curies":[{"name":"wp","href":"https:\/\/api.w.org\/{rel}","templated":true}]}}